{"id":5898,"date":"2026-04-14T09:55:00","date_gmt":"2026-04-14T09:55:00","guid":{"rendered":"https:\/\/dandan.hu\/nicht-kategorisiert\/renovierte-historische-villa-moderne-bueroflaeche-buerovermietung-an-der-andrassy-ut-der-beruehmten-prachtstrasse-budapests\/"},"modified":"2026-04-24T10:05:58","modified_gmt":"2026-04-24T10:05:58","slug":"renovierte-historische-villa-moderne-bueroflaeche-buerovermietung-an-der-andrassy-ut-der-beruehmten-prachtstrasse-budapests","status":"publish","type":"post","link":"https:\/\/dandan.hu\/de\/firmenzentrale\/renovierte-historische-villa-moderne-bueroflaeche-buerovermietung-an-der-andrassy-ut-der-beruehmten-prachtstrasse-budapests\/","title":{"rendered":"Renovierte historische Villa, moderne B\u00fcrofl\u00e4che \u2013 B\u00fcrovermietung an der Andr\u00e1ssy \u00fat, der ber\u00fchmten Prachtstra\u00dfe Budapests."},"content":{"rendered":"\t\t<div data-elementor-type=\"wp-post\" data-elementor-id=\"5898\" class=\"elementor elementor-5898 elementor-3907\" data-elementor-settings=\"{&quot;ha_cmc_init_switcher&quot;:&quot;no&quot;}\" data-elementor-post-type=\"post\">\n\t\t\t\t\t\t<section class=\"elementor-section elementor-top-section elementor-element elementor-element-92bde3b elementor-section-boxed elementor-section-height-default elementor-section-height-default wpr-particle-no wpr-jarallax-no wpr-parallax-no wpr-sticky-section-no wpr-equal-height-no\" data-id=\"92bde3b\" data-element_type=\"section\" data-e-type=\"section\" data-settings=\"{&quot;background_background&quot;:&quot;classic&quot;,&quot;_ha_eqh_enable&quot;:false}\">\n\t\t\t\t\t\t<div class=\"elementor-container elementor-column-gap-default\">\n\t\t\t\t\t<div class=\"elementor-column elementor-col-33 elementor-top-column elementor-element elementor-element-830e0ae\" data-id=\"830e0ae\" data-element_type=\"column\" data-e-type=\"column\">\n\t\t\t<div class=\"elementor-widget-wrap elementor-element-populated\">\n\t\t\t\t\t\t<div class=\"elementor-element elementor-element-fc73652 elementor-align-center elementor-widget elementor-widget-button\" data-id=\"fc73652\" data-element_type=\"widget\" data-e-type=\"widget\" data-widget_type=\"button.default\">\n\t\t\t\t<div class=\"elementor-widget-container\">\n\t\t\t\t\t\t\t\t\t<div class=\"elementor-button-wrapper\">\n\t\t\t\t\t<a class=\"elementor-button elementor-button-link elementor-size-sm\" href=\"https:\/\/dandan.hu\/de\/ueber-uns\/\">\n\t\t\t\t\t\t<span class=\"elementor-button-content-wrapper\">\n\t\t\t\t\t\t\t\t\t<span class=\"elementor-button-text\">\u00dcber uns<\/span>\n\t\t\t\t\t<\/span>\n\t\t\t\t\t<\/a>\n\t\t\t\t<\/div>\n\t\t\t\t\t\t\t\t<\/div>\n\t\t\t\t<\/div>\n\t\t\t\t\t<\/div>\n\t\t<\/div>\n\t\t\t\t<div class=\"elementor-column elementor-col-33 elementor-top-column elementor-element elementor-element-e80db3e\" data-id=\"e80db3e\" data-element_type=\"column\" data-e-type=\"column\">\n\t\t\t<div class=\"elementor-widget-wrap elementor-element-populated\">\n\t\t\t\t\t\t<div class=\"elementor-element elementor-element-4a8e35e elementor-align-center elementor-widget elementor-widget-button\" data-id=\"4a8e35e\" data-element_type=\"widget\" data-e-type=\"widget\" data-widget_type=\"button.default\">\n\t\t\t\t<div class=\"elementor-widget-container\">\n\t\t\t\t\t\t\t\t\t<div class=\"elementor-button-wrapper\">\n\t\t\t\t\t<a class=\"elementor-button elementor-button-link elementor-size-sm\" href=\"https:\/\/dandan.hu\/de\/unsere-projekte\/\">\n\t\t\t\t\t\t<span class=\"elementor-button-content-wrapper\">\n\t\t\t\t\t\t\t\t\t<span class=\"elementor-button-text\">Unsere Projekte<\/span>\n\t\t\t\t\t<\/span>\n\t\t\t\t\t<\/a>\n\t\t\t\t<\/div>\n\t\t\t\t\t\t\t\t<\/div>\n\t\t\t\t<\/div>\n\t\t\t\t\t<\/div>\n\t\t<\/div>\n\t\t\t\t<div class=\"elementor-column elementor-col-33 elementor-top-column elementor-element elementor-element-3f22708\" data-id=\"3f22708\" data-element_type=\"column\" data-e-type=\"column\">\n\t\t\t<div class=\"elementor-widget-wrap elementor-element-populated\">\n\t\t\t\t\t\t<div class=\"elementor-element elementor-element-b9157ca elementor-align-center elementor-widget elementor-widget-button\" data-id=\"b9157ca\" data-element_type=\"widget\" data-e-type=\"widget\" data-widget_type=\"button.default\">\n\t\t\t\t<div class=\"elementor-widget-container\">\n\t\t\t\t\t\t\t\t\t<div class=\"elementor-button-wrapper\">\n\t\t\t\t\t<a class=\"elementor-button elementor-button-link elementor-size-sm\" href=\"https:\/\/dandan.hu\/de\/kontakt\/\">\n\t\t\t\t\t\t<span class=\"elementor-button-content-wrapper\">\n\t\t\t\t\t\t\t\t\t<span class=\"elementor-button-text\">Kontakt<\/span>\n\t\t\t\t\t<\/span>\n\t\t\t\t\t<\/a>\n\t\t\t\t<\/div>\n\t\t\t\t\t\t\t\t<\/div>\n\t\t\t\t<\/div>\n\t\t\t\t\t<\/div>\n\t\t<\/div>\n\t\t\t\t\t<\/div>\n\t\t<\/section>\n\t\t\t\t<section class=\"elementor-section elementor-top-section elementor-element elementor-element-e7f41fe elementor-section-boxed elementor-section-height-default elementor-section-height-default wpr-particle-no wpr-jarallax-no wpr-parallax-no wpr-sticky-section-no wpr-equal-height-no\" data-id=\"e7f41fe\" data-element_type=\"section\" data-e-type=\"section\" data-settings=\"{&quot;background_background&quot;:&quot;classic&quot;,&quot;_ha_eqh_enable&quot;:false}\">\n\t\t\t\t\t\t\t<div class=\"elementor-background-overlay\"><\/div>\n\t\t\t\t\t\t\t<div class=\"elementor-container elementor-column-gap-default\">\n\t\t\t\t\t<div class=\"elementor-column elementor-col-100 elementor-top-column elementor-element elementor-element-2dd6105\" data-id=\"2dd6105\" data-element_type=\"column\" data-e-type=\"column\">\n\t\t\t<div class=\"elementor-widget-wrap elementor-element-populated\">\n\t\t\t\t\t\t<div class=\"elementor-element elementor-element-98c2a71 elementor-arrows-position-inside elementor-pagination-position-outside elementor-widget elementor-widget-image-carousel\" data-id=\"98c2a71\" data-element_type=\"widget\" data-e-type=\"widget\" data-settings=\"{&quot;slides_to_show&quot;:&quot;1&quot;,&quot;navigation&quot;:&quot;both&quot;,&quot;autoplay&quot;:&quot;yes&quot;,&quot;pause_on_hover&quot;:&quot;yes&quot;,&quot;pause_on_interaction&quot;:&quot;yes&quot;,&quot;autoplay_speed&quot;:5000,&quot;infinite&quot;:&quot;yes&quot;,&quot;effect&quot;:&quot;slide&quot;,&quot;speed&quot;:500}\" data-widget_type=\"image-carousel.default\">\n\t\t\t\t<div class=\"elementor-widget-container\">\n\t\t\t\t\t\t\t<div class=\"elementor-image-carousel-wrapper swiper\" role=\"region\" aria-roledescription=\"carousel\" aria-label=\"Image Carousel\" dir=\"ltr\">\n\t\t\t<div class=\"elementor-image-carousel swiper-wrapper swiper-image-stretch\" aria-live=\"off\">\n\t\t\t\t\t\t\t\t<div class=\"swiper-slide\" role=\"group\" aria-roledescription=\"slide\" aria-label=\"1 von 3\"><figure class=\"swiper-slide-inner\"><img decoding=\"async\" class=\"swiper-slide-image\" src=\"https:\/\/dandan.hu\/wp-content\/uploads\/2025\/07\/2022-09-09-A125-front-1024x768.jpg\" alt=\"2022-09-09 A125 front\" \/><\/figure><\/div><div class=\"swiper-slide\" role=\"group\" aria-roledescription=\"slide\" aria-label=\"2 von 3\"><figure class=\"swiper-slide-inner\"><img decoding=\"async\" class=\"swiper-slide-image\" src=\"https:\/\/dandan.hu\/wp-content\/uploads\/2025\/07\/2_2022-09-09-A125-top-1024x768.jpg\" alt=\"2_2022-09-09 A125 top\" \/><\/figure><\/div><div class=\"swiper-slide\" role=\"group\" aria-roledescription=\"slide\" aria-label=\"3 von 3\"><figure class=\"swiper-slide-inner\"><img decoding=\"async\" class=\"swiper-slide-image\" src=\"https:\/\/dandan.hu\/wp-content\/uploads\/2025\/07\/Andrassy-ut-1024x576.png\" alt=\"Andra\u0301ssy u\u0301t\" \/><\/figure><\/div>\t\t\t<\/div>\n\t\t\t\t\t\t\t\t\t\t\t\t<div class=\"elementor-swiper-button elementor-swiper-button-prev\" role=\"button\" tabindex=\"0\">\n\t\t\t\t\t\t<i aria-hidden=\"true\" class=\"eicon-chevron-left\"><\/i>\t\t\t\t\t<\/div>\n\t\t\t\t\t<div class=\"elementor-swiper-button elementor-swiper-button-next\" role=\"button\" tabindex=\"0\">\n\t\t\t\t\t\t<i aria-hidden=\"true\" class=\"eicon-chevron-right\"><\/i>\t\t\t\t\t<\/div>\n\t\t\t\t\n\t\t\t\t\t\t\t\t\t<div class=\"swiper-pagination\"><\/div>\n\t\t\t\t\t\t\t\t\t<\/div>\n\t\t\t\t\t\t<\/div>\n\t\t\t\t<\/div>\n\t\t\t\t<div class=\"elementor-element elementor-element-66a8895 elementor-widget elementor-widget-heading\" data-id=\"66a8895\" data-element_type=\"widget\" data-e-type=\"widget\" data-widget_type=\"heading.default\">\n\t\t\t\t<div class=\"elementor-widget-container\">\n\t\t\t\t\t<h1 class=\"elementor-heading-title elementor-size-default\"><h1 data-elementor-setting-key=\"title\" data-pen-placeholder=\"Type Here...\"><span style=\"font-size: 40px;font-weight: 800\">B\u00fcror\u00e4ume zur Miete in einem renovierten, exklusiven historischen Villengeb\u00e4ude an der Andr\u00e1ssy-Allee\n<\/span><span style=\"font-size: 40px;font-weight: 800\"><\/span><\/h1><\/h1>\t\t\t\t<\/div>\n\t\t\t\t<\/div>\n\t\t\t\t<section class=\"elementor-section elementor-inner-section elementor-element elementor-element-e00ceb5 elementor-section-content-middle elementor-section-boxed elementor-section-height-default elementor-section-height-default wpr-particle-no wpr-jarallax-no wpr-parallax-no wpr-sticky-section-no wpr-equal-height-no\" data-id=\"e00ceb5\" data-element_type=\"section\" data-e-type=\"section\" data-settings=\"{&quot;_ha_eqh_enable&quot;:false}\">\n\t\t\t\t\t\t<div class=\"elementor-container elementor-column-gap-default\">\n\t\t\t\t\t<div class=\"elementor-column elementor-col-25 elementor-inner-column elementor-element elementor-element-3fe5917\" data-id=\"3fe5917\" data-element_type=\"column\" data-e-type=\"column\">\n\t\t\t<div class=\"elementor-widget-wrap elementor-element-populated\">\n\t\t\t\t\t\t<div class=\"elementor-element elementor-element-34e2f7d e-transform e-transform e-transform e-transform elementor-widget elementor-widget-heading\" data-id=\"34e2f7d\" data-element_type=\"widget\" data-e-type=\"widget\" data-settings=\"{&quot;_transform_rotateZ_effect&quot;:{&quot;unit&quot;:&quot;px&quot;,&quot;size&quot;:&quot;&quot;,&quot;sizes&quot;:[]},&quot;_transform_rotateZ_effect_tablet&quot;:{&quot;unit&quot;:&quot;deg&quot;,&quot;size&quot;:&quot;&quot;,&quot;sizes&quot;:[]},&quot;_transform_rotateZ_effect_mobile&quot;:{&quot;unit&quot;:&quot;deg&quot;,&quot;size&quot;:&quot;&quot;,&quot;sizes&quot;:[]},&quot;_transform_translateX_effect&quot;:{&quot;unit&quot;:&quot;px&quot;,&quot;size&quot;:&quot;&quot;,&quot;sizes&quot;:[]},&quot;_transform_translateX_effect_tablet&quot;:{&quot;unit&quot;:&quot;px&quot;,&quot;size&quot;:&quot;&quot;,&quot;sizes&quot;:[]},&quot;_transform_translateX_effect_mobile&quot;:{&quot;unit&quot;:&quot;px&quot;,&quot;size&quot;:&quot;&quot;,&quot;sizes&quot;:[]},&quot;_transform_translateY_effect&quot;:{&quot;unit&quot;:&quot;px&quot;,&quot;size&quot;:&quot;&quot;,&quot;sizes&quot;:[]},&quot;_transform_translateY_effect_tablet&quot;:{&quot;unit&quot;:&quot;px&quot;,&quot;size&quot;:&quot;&quot;,&quot;sizes&quot;:[]},&quot;_transform_translateY_effect_mobile&quot;:{&quot;unit&quot;:&quot;px&quot;,&quot;size&quot;:&quot;&quot;,&quot;sizes&quot;:[]},&quot;_transform_scale_effect&quot;:{&quot;unit&quot;:&quot;px&quot;,&quot;size&quot;:&quot;&quot;,&quot;sizes&quot;:[]},&quot;_transform_scale_effect_tablet&quot;:{&quot;unit&quot;:&quot;px&quot;,&quot;size&quot;:&quot;&quot;,&quot;sizes&quot;:[]},&quot;_transform_scale_effect_mobile&quot;:{&quot;unit&quot;:&quot;px&quot;,&quot;size&quot;:&quot;&quot;,&quot;sizes&quot;:[]},&quot;_transform_skewX_effect&quot;:{&quot;unit&quot;:&quot;px&quot;,&quot;size&quot;:&quot;&quot;,&quot;sizes&quot;:[]},&quot;_transform_skewX_effect_tablet&quot;:{&quot;unit&quot;:&quot;deg&quot;,&quot;size&quot;:&quot;&quot;,&quot;sizes&quot;:[]},&quot;_transform_skewX_effect_mobile&quot;:{&quot;unit&quot;:&quot;deg&quot;,&quot;size&quot;:&quot;&quot;,&quot;sizes&quot;:[]},&quot;_transform_skewY_effect&quot;:{&quot;unit&quot;:&quot;px&quot;,&quot;size&quot;:&quot;&quot;,&quot;sizes&quot;:[]},&quot;_transform_skewY_effect_tablet&quot;:{&quot;unit&quot;:&quot;deg&quot;,&quot;size&quot;:&quot;&quot;,&quot;sizes&quot;:[]},&quot;_transform_skewY_effect_mobile&quot;:{&quot;unit&quot;:&quot;deg&quot;,&quot;size&quot;:&quot;&quot;,&quot;sizes&quot;:[]}}\" data-widget_type=\"heading.default\">\n\t\t\t\t<div class=\"elementor-widget-container\">\n\t\t\t\t\t<h2 class=\"elementor-heading-title elementor-size-default\">Bezirk VI <\/h2>\t\t\t\t<\/div>\n\t\t\t\t<\/div>\n\t\t\t\t\t<\/div>\n\t\t<\/div>\n\t\t\t\t<div class=\"elementor-column elementor-col-25 elementor-inner-column elementor-element elementor-element-afe8654\" data-id=\"afe8654\" data-element_type=\"column\" data-e-type=\"column\">\n\t\t\t<div class=\"elementor-widget-wrap elementor-element-populated\">\n\t\t\t\t\t\t<div class=\"elementor-element elementor-element-49d03ba elementor-widget__width-initial elementor-widget elementor-widget-heading\" data-id=\"49d03ba\" data-element_type=\"widget\" data-e-type=\"widget\" data-widget_type=\"heading.default\">\n\t\t\t\t<div class=\"elementor-widget-container\">\n\t\t\t\t\t<h2 class=\"elementor-heading-title elementor-size-default\">Geb\u00e4ude: 1128 m\u00b2<\/h2>\t\t\t\t<\/div>\n\t\t\t\t<\/div>\n\t\t\t\t\t<\/div>\n\t\t<\/div>\n\t\t\t\t<div class=\"elementor-column elementor-col-25 elementor-inner-column elementor-element elementor-element-97d5b0e\" data-id=\"97d5b0e\" data-element_type=\"column\" data-e-type=\"column\">\n\t\t\t<div class=\"elementor-widget-wrap elementor-element-populated\">\n\t\t\t\t\t\t<div class=\"elementor-element elementor-element-0724b3b elementor-widget elementor-widget-heading\" data-id=\"0724b3b\" data-element_type=\"widget\" data-e-type=\"widget\" data-widget_type=\"heading.default\">\n\t\t\t\t<div class=\"elementor-widget-container\">\n\t\t\t\t\t<h2 class=\"elementor-heading-title elementor-size-default\">Fertigstellung:<br>2. Quartal 2026 <\/h2>\t\t\t\t<\/div>\n\t\t\t\t<\/div>\n\t\t\t\t\t<\/div>\n\t\t<\/div>\n\t\t\t\t<div class=\"elementor-column elementor-col-25 elementor-inner-column elementor-element elementor-element-4876ddb\" data-id=\"4876ddb\" data-element_type=\"column\" data-e-type=\"column\">\n\t\t\t<div class=\"elementor-widget-wrap elementor-element-populated\">\n\t\t\t\t\t\t<div class=\"elementor-element elementor-element-e38d7d5 elementor-widget elementor-widget-heading\" data-id=\"e38d7d5\" data-element_type=\"widget\" data-e-type=\"widget\" data-widget_type=\"heading.default\">\n\t\t\t\t<div class=\"elementor-widget-container\">\n\t\t\t\t\t<h2 class=\"elementor-heading-title elementor-size-default\">Miete: 28.206 \u20ac \/ Monat + MwSt.<\/h2>\t\t\t\t<\/div>\n\t\t\t\t<\/div>\n\t\t\t\t\t<\/div>\n\t\t<\/div>\n\t\t\t\t\t<\/div>\n\t\t<\/section>\n\t\t\t\t\t<\/div>\n\t\t<\/div>\n\t\t\t\t\t<\/div>\n\t\t<\/section>\n\t\t\t\t<section class=\"elementor-section elementor-top-section elementor-element elementor-element-ce10dd9 elementor-section-boxed elementor-section-height-default elementor-section-height-default wpr-particle-no wpr-jarallax-no wpr-parallax-no wpr-sticky-section-no wpr-equal-height-no\" data-id=\"ce10dd9\" data-element_type=\"section\" data-e-type=\"section\" data-settings=\"{&quot;background_background&quot;:&quot;classic&quot;,&quot;_ha_eqh_enable&quot;:false}\">\n\t\t\t\t\t\t\t<div class=\"elementor-background-overlay\"><\/div>\n\t\t\t\t\t\t\t<div class=\"elementor-container elementor-column-gap-default\">\n\t\t\t\t\t<div class=\"elementor-column elementor-col-100 elementor-top-column elementor-element elementor-element-ca1d66a\" data-id=\"ca1d66a\" data-element_type=\"column\" data-e-type=\"column\">\n\t\t\t<div class=\"elementor-widget-wrap elementor-element-populated\">\n\t\t\t\t\t\t<div class=\"elementor-element elementor-element-a059f66 elementor-widget elementor-widget-spacer\" data-id=\"a059f66\" data-element_type=\"widget\" data-e-type=\"widget\" data-widget_type=\"spacer.default\">\n\t\t\t\t<div class=\"elementor-widget-container\">\n\t\t\t\t\t\t\t<div class=\"elementor-spacer\">\n\t\t\t<div class=\"elementor-spacer-inner\"><\/div>\n\t\t<\/div>\n\t\t\t\t\t\t<\/div>\n\t\t\t\t<\/div>\n\t\t\t\t\t<\/div>\n\t\t<\/div>\n\t\t\t\t\t<\/div>\n\t\t<\/section>\n\t\t\t\t<section class=\"elementor-section elementor-top-section elementor-element elementor-element-e87c584 elementor-section-boxed elementor-section-height-default elementor-section-height-default wpr-particle-no wpr-jarallax-no wpr-parallax-no wpr-sticky-section-no wpr-equal-height-no\" data-id=\"e87c584\" data-element_type=\"section\" data-e-type=\"section\" data-settings=\"{&quot;background_background&quot;:&quot;classic&quot;,&quot;_ha_eqh_enable&quot;:false}\">\n\t\t\t\t\t\t\t<div class=\"elementor-background-overlay\"><\/div>\n\t\t\t\t\t\t\t<div class=\"elementor-container elementor-column-gap-default\">\n\t\t\t\t\t<div class=\"elementor-column elementor-col-100 elementor-top-column elementor-element elementor-element-e56341b\" data-id=\"e56341b\" data-element_type=\"column\" data-e-type=\"column\">\n\t\t\t<div class=\"elementor-widget-wrap elementor-element-populated\">\n\t\t\t\t\t\t<div class=\"elementor-element elementor-element-681d0ec elementor-widget__width-initial ha-has-bg-overlay elementor-widget elementor-widget-text-editor\" data-id=\"681d0ec\" data-element_type=\"widget\" data-e-type=\"widget\" data-widget_type=\"text-editor.default\">\n\t\t\t\t<div class=\"elementor-widget-container\">\n\t\t\t\t\t\t\t\t\t<h2 data-start=\"117\" data-end=\"549\">Die Andr\u00e1ssy-Stra\u00dfe, ein Weltkulturerbe, ist Budapests ber\u00fchmteste Allee und besticht nicht nur durch ihre historische Bedeutung, sondern ist auch eines der meistbesuchten Gesch\u00e4fts- und Kulturzentren der Stadt.<\/h2><p data-start=\"117\" data-end=\"549\">Das Ambiente ist elegant und inspirierend zugleich: Botschaften, Galerien, Restaurants und exklusive Markengesch\u00e4fte pr\u00e4gen das Bild des Viertels. Der Liszt-Ferenc-Platz, die Oper, der Heldenplatz und der Stadtw\u00e4ldchen sind bequem zu erreichen. <\/p><p data-start=\"551\" data-end=\"842\">Der Standort bietet nicht nur Prestige, sondern auch eine hervorragende Infrastruktur f\u00fcr den Gesch\u00e4ftsalltag. Zahlreiche diplomatische Vertretungen, Banken und multinationale Unternehmen befinden sich in unmittelbarer N\u00e4he und machen den Standort somit zur idealen Wahl f\u00fcr Unternehmen, die in einem repr\u00e4sentativen Umfeld auftreten m\u00f6chten. <\/p><p><strong>Standort<\/strong><\/p><p data-start=\"868\" data-end=\"1137\">Die Unterkunft befindet sich im 6. Arrondissement, an der Andr\u00e1ssy-Stra\u00dfe, in der N\u00e4he des Heldenplatzes, und bietet eine hervorragende Verkehrsanbindung:<br data-start=\"983\" data-end=\"986\">\u2013 2 Gehminuten zur Metrostation M1<br data-start=\"1016\" data-end=\"1019\">\u2013 mehrere Bus- und Stra\u00dfenbahnlinien in unmittelbarer N\u00e4he<br data-start=\"1059\" data-end=\"1062\">\u2013 das Gesch\u00e4fts- und Diplomatenviertel der Innenstadt ist bequem zu Fu\u00df erreichbar. <\/p><p data-start=\"1139\" data-end=\"1245\">Es gibt Park- und Radwege, und die Lage ist in jeder Hinsicht hervorragend.<\/p><p><strong>Geb\u00e4udeeigenschaften<\/strong><\/p><p data-start=\"1277\" data-end=\"1600\">Die umfassende Sanierung des vierst\u00f6ckigen, historischen Villengeb\u00e4udes begann im Jahr 2024 und soll im zweiten Quartal 2026 abgeschlossen sein. Ziel des Projekts ist die Schaffung eines modernen, repr\u00e4sentativen B\u00fcrogeb\u00e4udes mit moderner Technologie und hochwertigen Innenausstattungsl\u00f6sungen unter Beibehaltung des klassischen architektonischen Charakters.  <\/p><p data-start=\"1602\" data-end=\"1766\">Es ist von au\u00dferordentlicher Wichtigkeit: Es ist \u00e4u\u00dferst selten, dass auf der Andr\u00e1ssy Avenue ein ganzes, freistehendes Villengeb\u00e4ude auf einmal zur Miete angeboten wird \u2013 derzeit gibt es keine vergleichbare Gelegenheit auf dem Markt.<\/p><p><strong>Hauptparameter:<\/strong><\/p><table><thead><tr><td><p><strong>Ebene<\/strong><\/p><\/td><td><p><strong>Nettofl\u00e4che<\/strong><\/p><\/td><td><p><strong>Gesch\u00e4tzte Kapazit\u00e4t<\/strong><\/p><\/td><\/tr><\/thead><tbody><tr><td><p>Zange<\/p><\/td><td><p>281,43 m\u00b2<\/p><\/td><td><p>\u2013 (Serverfunktionen)<\/p><\/td><\/tr><tr><td><p>Erdgeschoss<\/p><\/td><td><p>273,27 m\u00b2<\/p><\/td><td><p>25 Personen<\/p><\/td><\/tr><tr><td><p>Boden<\/p><\/td><td><p>291,97 m\u00b2<\/p><\/td><td><p>27 Personen<\/p><\/td><\/tr><tr><td><p>Dachboden<\/p><\/td><td><p>243,57 m\u00b2<\/p><\/td><td><p>22 Personen<\/p><\/td><\/tr><tr><td><p>Terrasse\/Balkon<\/p><\/td><td><p>11,75 m\u00b2<\/p><\/td><td><p>\u2013<\/p><\/td><\/tr><tr><td><p>Treppe<\/p><\/td><td><p>26,24 m\u00b2<\/p><\/td><td><p>\u2013<\/p><\/td><\/tr><\/tbody><\/table><p><strong> <\/strong><\/p><p>B\u00fcrofl\u00e4che: ca. 808,81 m\u00b2<br data-start=\"1933\" data-end=\"1936\"> \u2022 Nettofl\u00e4che: 1.128,23 m\u00b2<br data-start=\"1975\" data-end=\"1978\"> \u2022 Gesch\u00e4tzte maximale Kapazit\u00e4t: ca. 74 Personen<\/p><h3 data-section-id=\"a56zu4\" data-start=\"2182\" data-end=\"2202\"> <\/h3><h3 data-section-id=\"a56zu4\" data-start=\"2182\" data-end=\"2202\">Technischer Inhalt<\/h3><p data-start=\"2204\" data-end=\"2235\">Die Renovierung umfasst Folgendes:<\/p><ul data-start=\"2236\" data-end=\"2441\"><li data-section-id=\"1uxv4kq\" data-start=\"2236\" data-end=\"2271\">moderne W\u00e4rmepumpenk\u00fchlung und -heizung<\/li><li data-section-id=\"xvmldq\" data-start=\"2272\" data-end=\"2297\">Strukturverfestigung<\/li><li data-section-id=\"ir59nd\" data-start=\"2298\" data-end=\"2333\">Dreischichtige Fenster und T\u00fcren, Jalousien<\/li><li data-section-id=\"z8e3jt\" data-start=\"2334\" data-end=\"2364\">Kamera- und Alarmsystem<\/li><li data-section-id=\"1i3q6qz\" data-start=\"2365\" data-end=\"2388\">Vorbereitung von Solarmodulen<\/li><li data-section-id=\"txip64\" data-start=\"2389\" data-end=\"2441\">vollst\u00e4ndige Sanierung der mechanischen und elektrischen Systeme<\/li><\/ul><p> <\/p><h3>Individuelles Design \u2013 Mieterbed\u00fcrfnisse<\/h3><p data-start=\"2488\" data-end=\"2630\">Das Geb\u00e4ude wird derzeit renoviert, sodass die Mieter bereits in der Planungsphase mitwirken und das endg\u00fcltige Design ma\u00dfgeblich mitgestalten k\u00f6nnen.<\/p><p data-start=\"2632\" data-end=\"2837\">Die Inneneinrichtung, das Design und die Funktionen k\u00f6nnen vollst\u00e4ndig individuell gestaltet werden \u2013 egal ob es sich um offene B\u00fcrobereiche, Chefb\u00fcros, Besprechungsr\u00e4ume, Kundenempfangsbereiche oder einen repr\u00e4sentativen Showroom handelt.<\/p><p data-start=\"2839\" data-end=\"2957\">Dadurch ergibt sich die M\u00f6glichkeit, dass das gestaltete B\u00fcro perfekt zu den Abl\u00e4ufen und dem Image des Unternehmens passt.<\/p><h3>Mietoptionen<\/h3><p data-start=\"2989\" data-end=\"3089\">Die B\u00fcror\u00e4ume des Geb\u00e4udes k\u00f6nnen flexibel angemietet werden: pro Etage, pro B\u00fcroblock oder als Ganzes.<\/p><ul data-start=\"3091\" data-end=\"3171\"><li data-section-id=\"trn1um\" data-start=\"3091\" data-end=\"3128\">Mietgeb\u00fchr : 25 \u20ac\/m\u00b2\/Monat + MwSt.<\/li><li data-section-id=\"1mw8mww\" data-start=\"3129\" data-end=\"3171\">Gesamtes Geb\u00e4ude: 28.206 \u20ac \/ Monat + MwSt.<\/li><\/ul><p data-start=\"3173\" data-end=\"3393\">Die aktuelle Entwicklungsphase erm\u00f6glicht es den Mietern, aktiv an der Gestaltung der endg\u00fcltigen R\u00e4umlichkeiten mitzuwirken und so ein wirklich einzigartiges B\u00fcro zu schaffen, das auf die Bed\u00fcrfnisse des Unternehmens zugeschnitten ist und sich an einem der wertvollsten Standorte in Budapest befindet.<\/p><h3><strong>Sollten Sie weitere Informationen ben\u00f6tigen, kontaktieren Sie bitte D\u00e1niel Vit\u00e1ry telefonisch unter +36 30 618 22 71 oder schreiben Sie eine E-Mail an hello@dandan.hu!<\/strong><\/h3>\t\t\t\t\t\t\t\t<\/div>\n\t\t\t\t<\/div>\n\t\t\t\t<div class=\"elementor-element elementor-element-0209770 ha-post-navigator-borders-yes ha-has-bg-overlay elementor-widget elementor-widget-ha-post-navigation happy-addon ha-post-navigation\" data-id=\"0209770\" data-element_type=\"widget\" data-e-type=\"widget\" data-widget_type=\"ha-post-navigation.default\">\n\t\t\t\t<div class=\"elementor-widget-container\">\n\t\t\t\t\t        <div class=\"ha-post-navigator\">\n            <div class=\"ha-post-navigator__prev ha-post-navigator__link\">\n                <a href=\"https:\/\/dandan.hu\/de\/firmenzentrale\/gewerbeimmobilien-mit-laufendem-betrieb-in-budapest-und-komitat-pest-zu-verkaufen\/\" rel=\"prev\"><span class=\"post-navigation__arrow-wrapper post-navigation__arrow-prev\"><i class=\"fa fa-angle-left\" aria-hidden=\"true\"><\/i><span class=\"elementor-screen-only\">Prev<\/span><\/span><span class=\"ha-post-navigator__link__prev\"><span class=\"post-navigation__prev--label\">Vorherige<\/span><span class=\"post-navigation__prev--title\">Gewerbeimmobilien mit laufendem Betrieb in Budapest und Komitat Pest zu verkaufen<\/span><\/span><\/a>            <\/div>\n                            <div class=\"ha-post-navigator__separator-wrapper\">\n                    <div class=\"ha-post-navigator__separator\"><\/div>\n                <\/div>\n                        <div class=\"ha-post-navigator__next ha-post-navigator__link\">\n                            <\/div>\n        <\/div>\n\t\t\t\t<\/div>\n\t\t\t\t<\/div>\n\t\t\t\t\t<\/div>\n\t\t<\/div>\n\t\t\t\t\t<\/div>\n\t\t<\/section>\n\t\t\t\t<section class=\"elementor-section elementor-top-section elementor-element elementor-element-f036d4a elementor-section-boxed elementor-section-height-default elementor-section-height-default wpr-particle-no wpr-jarallax-no wpr-parallax-no wpr-sticky-section-no wpr-equal-height-no\" data-id=\"f036d4a\" data-element_type=\"section\" data-e-type=\"section\" data-settings=\"{&quot;background_background&quot;:&quot;classic&quot;,&quot;_ha_eqh_enable&quot;:false}\">\n\t\t\t\t\t\t\t<div class=\"elementor-background-overlay\"><\/div>\n\t\t\t\t\t\t\t<div class=\"elementor-container elementor-column-gap-default\">\n\t\t\t\t\t<div class=\"elementor-column elementor-col-100 elementor-top-column elementor-element elementor-element-82b6b7f\" data-id=\"82b6b7f\" data-element_type=\"column\" data-e-type=\"column\">\n\t\t\t<div class=\"elementor-widget-wrap elementor-element-populated\">\n\t\t\t\t\t\t\t<\/div>\n\t\t<\/div>\n\t\t\t\t\t<\/div>\n\t\t<\/section>\n\t\t\t\t<\/div>\n\t\t","protected":false},"excerpt":{"rendered":"<p>Renovierte B\u00fcro-Villa an der Andr\u00e1ssy \u00fat, 4 Etagen, ~1100 m\u00b2 Nettofl\u00e4che. Flexible Mietbedingungen, moderne technische L\u00f6sungen, klassische Eleganz. <\/p>\n","protected":false},"author":1,"featured_media":5897,"comment_status":"closed","ping_status":"closed","sticky":false,"template":"elementor_canvas","format":"standard","meta":{"footnotes":""},"categories":[363,364,205],"tags":[367,368,362,361,366,369,365],"class_list":["post-5898","post","type-post","status-publish","format-standard","has-post-thumbnail","hentry","category-buro","category-firmenzentrale","category-geschaft","tag-andrassy-ut","tag-gewerbeimmobilie-2","tag-immobilien-in-grunzone","tag-immobilienentwicklung","tag-iroda","tag-luxusburo","tag-vermietung"],"yoast_head":"<!-- This site is optimized with the Yoast SEO plugin v27.5 - https:\/\/yoast.com\/product\/yoast-seo-wordpress\/ -->\n<title>Premium-B\u00fcrovermietung an der Andr\u00e1ssy \u00fat \u2013 elegante Villa mit modernem B\u00fcro.<\/title>\n<meta name=\"description\" content=\"Stilvolle, renovierte B\u00fcro-Villa an der Andr\u00e1ssy \u00fat zu vermieten. Repr\u00e4sentativer Standort, modernes Interieur, flexible Gestaltung und Mietkonditionen.\" \/>\n<meta name=\"robots\" content=\"index, follow, max-snippet:-1, max-image-preview:large, max-video-preview:-1\" \/>\n<link rel=\"canonical\" href=\"https:\/\/dandan.hu\/de\/firmenzentrale\/renovierte-historische-villa-moderne-bueroflaeche-buerovermietung-an-der-andrassy-ut-der-beruehmten-prachtstrasse-budapests\/\" \/>\n<meta property=\"og:locale\" content=\"de_DE\" \/>\n<meta property=\"og:type\" content=\"article\" \/>\n<meta property=\"og:title\" content=\"Moderne B\u00fcros in historischer Villa \u2013 Vermietung an der\" \/>\n<meta property=\"og:description\" content=\"Luxuri\u00f6ses B\u00fcrogeb\u00e4ude zur Miete im Herzen von Budapest, an der Andr\u00e1ssy \u00fat. Einzigartige R\u00e4umlichkeiten, hervorragende Lage, moderne Technologie \u2013 auch etagenweise verf\u00fcgbar.\" \/>\n<meta property=\"og:url\" content=\"https:\/\/dandan.hu\/de\/firmenzentrale\/renovierte-historische-villa-moderne-bueroflaeche-buerovermietung-an-der-andrassy-ut-der-beruehmten-prachtstrasse-budapests\/\" \/>\n<meta property=\"og:site_name\" content=\"Dandan\" \/>\n<meta property=\"article:published_time\" content=\"2026-04-14T09:55:00+00:00\" \/>\n<meta property=\"article:modified_time\" content=\"2026-04-24T10:05:58+00:00\" \/>\n<meta property=\"og:image\" content=\"https:\/\/dandan.hu\/wp-content\/uploads\/2025\/07\/628.jpg\" \/>\n<meta name=\"author\" content=\"danmegdan\" \/>\n<meta name=\"twitter:card\" content=\"summary_large_image\" \/>\n<meta name=\"twitter:label1\" content=\"Verfasst von\" \/>\n\t<meta name=\"twitter:data1\" content=\"danmegdan\" \/>\n\t<meta name=\"twitter:label2\" content=\"Gesch\u00e4tzte Lesezeit\" \/>\n\t<meta name=\"twitter:data2\" content=\"3\u00a0Minuten\" \/>\n<script type=\"application\/ld+json\" class=\"yoast-schema-graph\">{\"@context\":\"https:\\\/\\\/schema.org\",\"@graph\":[{\"@type\":\"Article\",\"@id\":\"https:\\\/\\\/dandan.hu\\\/de\\\/firmenzentrale\\\/renovierte-historische-villa-moderne-bueroflaeche-buerovermietung-an-der-andrassy-ut-der-beruehmten-prachtstrasse-budapests\\\/#article\",\"isPartOf\":{\"@id\":\"https:\\\/\\\/dandan.hu\\\/de\\\/firmenzentrale\\\/renovierte-historische-villa-moderne-bueroflaeche-buerovermietung-an-der-andrassy-ut-der-beruehmten-prachtstrasse-budapests\\\/\"},\"author\":{\"name\":\"danmegdan\",\"@id\":\"https:\\\/\\\/dandan.hu\\\/de\\\/#\\\/schema\\\/person\\\/142c6e91d68239a0f845185742f52d66\"},\"headline\":\"Renovierte historische Villa, moderne B\u00fcrofl\u00e4che \u2013 B\u00fcrovermietung an der Andr\u00e1ssy \u00fat, der ber\u00fchmten Prachtstra\u00dfe Budapests.\",\"datePublished\":\"2026-04-14T09:55:00+00:00\",\"dateModified\":\"2026-04-24T10:05:58+00:00\",\"mainEntityOfPage\":{\"@id\":\"https:\\\/\\\/dandan.hu\\\/de\\\/firmenzentrale\\\/renovierte-historische-villa-moderne-bueroflaeche-buerovermietung-an-der-andrassy-ut-der-beruehmten-prachtstrasse-budapests\\\/\"},\"wordCount\":567,\"publisher\":{\"@id\":\"https:\\\/\\\/dandan.hu\\\/de\\\/#organization\"},\"image\":{\"@id\":\"https:\\\/\\\/dandan.hu\\\/de\\\/firmenzentrale\\\/renovierte-historische-villa-moderne-bueroflaeche-buerovermietung-an-der-andrassy-ut-der-beruehmten-prachtstrasse-budapests\\\/#primaryimage\"},\"thumbnailUrl\":\"https:\\\/\\\/dandan.hu\\\/wp-content\\\/uploads\\\/2025\\\/07\\\/2_2022-09-09-A125-top.webp\",\"keywords\":[\"Andr\u00e1ssy \u00fat\",\"Gewerbeimmobilie\",\"Immobilien in Gr\u00fcnzone\",\"Immobilienentwicklung\",\"iroda\",\"Luxusb\u00fcro\",\"Vermietung\"],\"articleSection\":[\"B\u00fcro\",\"Firmenzentrale\",\"Gesch\u00e4ft\"],\"inLanguage\":\"de\"},{\"@type\":\"WebPage\",\"@id\":\"https:\\\/\\\/dandan.hu\\\/de\\\/firmenzentrale\\\/renovierte-historische-villa-moderne-bueroflaeche-buerovermietung-an-der-andrassy-ut-der-beruehmten-prachtstrasse-budapests\\\/\",\"url\":\"https:\\\/\\\/dandan.hu\\\/de\\\/firmenzentrale\\\/renovierte-historische-villa-moderne-bueroflaeche-buerovermietung-an-der-andrassy-ut-der-beruehmten-prachtstrasse-budapests\\\/\",\"name\":\"Premium-B\u00fcrovermietung an der Andr\u00e1ssy \u00fat \u2013 elegante Villa mit modernem B\u00fcro.\",\"isPartOf\":{\"@id\":\"https:\\\/\\\/dandan.hu\\\/de\\\/#website\"},\"primaryImageOfPage\":{\"@id\":\"https:\\\/\\\/dandan.hu\\\/de\\\/firmenzentrale\\\/renovierte-historische-villa-moderne-bueroflaeche-buerovermietung-an-der-andrassy-ut-der-beruehmten-prachtstrasse-budapests\\\/#primaryimage\"},\"image\":{\"@id\":\"https:\\\/\\\/dandan.hu\\\/de\\\/firmenzentrale\\\/renovierte-historische-villa-moderne-bueroflaeche-buerovermietung-an-der-andrassy-ut-der-beruehmten-prachtstrasse-budapests\\\/#primaryimage\"},\"thumbnailUrl\":\"https:\\\/\\\/dandan.hu\\\/wp-content\\\/uploads\\\/2025\\\/07\\\/2_2022-09-09-A125-top.webp\",\"datePublished\":\"2026-04-14T09:55:00+00:00\",\"dateModified\":\"2026-04-24T10:05:58+00:00\",\"description\":\"Stilvolle, renovierte B\u00fcro-Villa an der Andr\u00e1ssy \u00fat zu vermieten. Repr\u00e4sentativer Standort, modernes Interieur, flexible Gestaltung und Mietkonditionen.\",\"breadcrumb\":{\"@id\":\"https:\\\/\\\/dandan.hu\\\/de\\\/firmenzentrale\\\/renovierte-historische-villa-moderne-bueroflaeche-buerovermietung-an-der-andrassy-ut-der-beruehmten-prachtstrasse-budapests\\\/#breadcrumb\"},\"inLanguage\":\"de\",\"potentialAction\":[{\"@type\":\"ReadAction\",\"target\":[\"https:\\\/\\\/dandan.hu\\\/de\\\/firmenzentrale\\\/renovierte-historische-villa-moderne-bueroflaeche-buerovermietung-an-der-andrassy-ut-der-beruehmten-prachtstrasse-budapests\\\/\"]}]},{\"@type\":\"ImageObject\",\"inLanguage\":\"de\",\"@id\":\"https:\\\/\\\/dandan.hu\\\/de\\\/firmenzentrale\\\/renovierte-historische-villa-moderne-bueroflaeche-buerovermietung-an-der-andrassy-ut-der-beruehmten-prachtstrasse-budapests\\\/#primaryimage\",\"url\":\"https:\\\/\\\/dandan.hu\\\/wp-content\\\/uploads\\\/2025\\\/07\\\/2_2022-09-09-A125-top.webp\",\"contentUrl\":\"https:\\\/\\\/dandan.hu\\\/wp-content\\\/uploads\\\/2025\\\/07\\\/2_2022-09-09-A125-top.webp\",\"width\":1200,\"height\":675},{\"@type\":\"BreadcrumbList\",\"@id\":\"https:\\\/\\\/dandan.hu\\\/de\\\/firmenzentrale\\\/renovierte-historische-villa-moderne-bueroflaeche-buerovermietung-an-der-andrassy-ut-der-beruehmten-prachtstrasse-budapests\\\/#breadcrumb\",\"itemListElement\":[{\"@type\":\"ListItem\",\"position\":1,\"name\":\"Home\",\"item\":\"https:\\\/\\\/dandan.hu\\\/de\\\/fooldal\\\/\"},{\"@type\":\"ListItem\",\"position\":2,\"name\":\"Renovierte historische Villa, moderne B\u00fcrofl\u00e4che \u2013 B\u00fcrovermietung an der Andr\u00e1ssy \u00fat, der ber\u00fchmten Prachtstra\u00dfe Budapests.\"}]},{\"@type\":\"WebSite\",\"@id\":\"https:\\\/\\\/dandan.hu\\\/de\\\/#website\",\"url\":\"https:\\\/\\\/dandan.hu\\\/de\\\/\",\"name\":\"Dandan\",\"description\":\"Dandan\",\"publisher\":{\"@id\":\"https:\\\/\\\/dandan.hu\\\/de\\\/#organization\"},\"potentialAction\":[{\"@type\":\"SearchAction\",\"target\":{\"@type\":\"EntryPoint\",\"urlTemplate\":\"https:\\\/\\\/dandan.hu\\\/de\\\/?s={search_term_string}\"},\"query-input\":{\"@type\":\"PropertyValueSpecification\",\"valueRequired\":true,\"valueName\":\"search_term_string\"}}],\"inLanguage\":\"de\"},{\"@type\":\"Organization\",\"@id\":\"https:\\\/\\\/dandan.hu\\\/de\\\/#organization\",\"name\":\"Dandan\",\"url\":\"https:\\\/\\\/dandan.hu\\\/de\\\/\",\"logo\":{\"@type\":\"ImageObject\",\"inLanguage\":\"de\",\"@id\":\"https:\\\/\\\/dandan.hu\\\/de\\\/#\\\/schema\\\/logo\\\/image\\\/\",\"url\":\"https:\\\/\\\/dandan.hu\\\/wp-content\\\/uploads\\\/2023\\\/08\\\/dandan-fav-icon.png\",\"contentUrl\":\"https:\\\/\\\/dandan.hu\\\/wp-content\\\/uploads\\\/2023\\\/08\\\/dandan-fav-icon.png\",\"width\":1103,\"height\":1103,\"caption\":\"Dandan\"},\"image\":{\"@id\":\"https:\\\/\\\/dandan.hu\\\/de\\\/#\\\/schema\\\/logo\\\/image\\\/\"}},{\"@type\":\"Person\",\"@id\":\"https:\\\/\\\/dandan.hu\\\/de\\\/#\\\/schema\\\/person\\\/142c6e91d68239a0f845185742f52d66\",\"name\":\"danmegdan\",\"image\":{\"@type\":\"ImageObject\",\"inLanguage\":\"de\",\"@id\":\"https:\\\/\\\/secure.gravatar.com\\\/avatar\\\/9d1fbefaa33107ac85e36125746c3dd756b8abc3a9078a0076240ff45318913b?s=96&d=mm&r=g\",\"url\":\"https:\\\/\\\/secure.gravatar.com\\\/avatar\\\/9d1fbefaa33107ac85e36125746c3dd756b8abc3a9078a0076240ff45318913b?s=96&d=mm&r=g\",\"contentUrl\":\"https:\\\/\\\/secure.gravatar.com\\\/avatar\\\/9d1fbefaa33107ac85e36125746c3dd756b8abc3a9078a0076240ff45318913b?s=96&d=mm&r=g\",\"caption\":\"danmegdan\"},\"sameAs\":[\"https:\\\/\\\/dandan.hu\"],\"url\":\"https:\\\/\\\/dandan.hu\\\/de\\\/author\\\/danmegdan\\\/\"}]}<\/script>\n<!-- \/ Yoast SEO plugin. -->","yoast_head_json":{"title":"Premium-B\u00fcrovermietung an der Andr\u00e1ssy \u00fat \u2013 elegante Villa mit modernem B\u00fcro.","description":"Stilvolle, renovierte B\u00fcro-Villa an der Andr\u00e1ssy \u00fat zu vermieten. Repr\u00e4sentativer Standort, modernes Interieur, flexible Gestaltung und Mietkonditionen.","robots":{"index":"index","follow":"follow","max-snippet":"max-snippet:-1","max-image-preview":"max-image-preview:large","max-video-preview":"max-video-preview:-1"},"canonical":"https:\/\/dandan.hu\/de\/firmenzentrale\/renovierte-historische-villa-moderne-bueroflaeche-buerovermietung-an-der-andrassy-ut-der-beruehmten-prachtstrasse-budapests\/","og_locale":"de_DE","og_type":"article","og_title":"Moderne B\u00fcros in historischer Villa \u2013 Vermietung an der","og_description":"Luxuri\u00f6ses B\u00fcrogeb\u00e4ude zur Miete im Herzen von Budapest, an der Andr\u00e1ssy \u00fat. Einzigartige R\u00e4umlichkeiten, hervorragende Lage, moderne Technologie \u2013 auch etagenweise verf\u00fcgbar.","og_url":"https:\/\/dandan.hu\/de\/firmenzentrale\/renovierte-historische-villa-moderne-bueroflaeche-buerovermietung-an-der-andrassy-ut-der-beruehmten-prachtstrasse-budapests\/","og_site_name":"Dandan","article_published_time":"2026-04-14T09:55:00+00:00","article_modified_time":"2026-04-24T10:05:58+00:00","og_image":[{"url":"https:\/\/dandan.hu\/wp-content\/uploads\/2025\/07\/628.jpg","type":"","width":"","height":""}],"author":"danmegdan","twitter_card":"summary_large_image","twitter_misc":{"Verfasst von":"danmegdan","Gesch\u00e4tzte Lesezeit":"3\u00a0Minuten"},"schema":{"@context":"https:\/\/schema.org","@graph":[{"@type":"Article","@id":"https:\/\/dandan.hu\/de\/firmenzentrale\/renovierte-historische-villa-moderne-bueroflaeche-buerovermietung-an-der-andrassy-ut-der-beruehmten-prachtstrasse-budapests\/#article","isPartOf":{"@id":"https:\/\/dandan.hu\/de\/firmenzentrale\/renovierte-historische-villa-moderne-bueroflaeche-buerovermietung-an-der-andrassy-ut-der-beruehmten-prachtstrasse-budapests\/"},"author":{"name":"danmegdan","@id":"https:\/\/dandan.hu\/de\/#\/schema\/person\/142c6e91d68239a0f845185742f52d66"},"headline":"Renovierte historische Villa, moderne B\u00fcrofl\u00e4che \u2013 B\u00fcrovermietung an der Andr\u00e1ssy \u00fat, der ber\u00fchmten Prachtstra\u00dfe Budapests.","datePublished":"2026-04-14T09:55:00+00:00","dateModified":"2026-04-24T10:05:58+00:00","mainEntityOfPage":{"@id":"https:\/\/dandan.hu\/de\/firmenzentrale\/renovierte-historische-villa-moderne-bueroflaeche-buerovermietung-an-der-andrassy-ut-der-beruehmten-prachtstrasse-budapests\/"},"wordCount":567,"publisher":{"@id":"https:\/\/dandan.hu\/de\/#organization"},"image":{"@id":"https:\/\/dandan.hu\/de\/firmenzentrale\/renovierte-historische-villa-moderne-bueroflaeche-buerovermietung-an-der-andrassy-ut-der-beruehmten-prachtstrasse-budapests\/#primaryimage"},"thumbnailUrl":"https:\/\/dandan.hu\/wp-content\/uploads\/2025\/07\/2_2022-09-09-A125-top.webp","keywords":["Andr\u00e1ssy \u00fat","Gewerbeimmobilie","Immobilien in Gr\u00fcnzone","Immobilienentwicklung","iroda","Luxusb\u00fcro","Vermietung"],"articleSection":["B\u00fcro","Firmenzentrale","Gesch\u00e4ft"],"inLanguage":"de"},{"@type":"WebPage","@id":"https:\/\/dandan.hu\/de\/firmenzentrale\/renovierte-historische-villa-moderne-bueroflaeche-buerovermietung-an-der-andrassy-ut-der-beruehmten-prachtstrasse-budapests\/","url":"https:\/\/dandan.hu\/de\/firmenzentrale\/renovierte-historische-villa-moderne-bueroflaeche-buerovermietung-an-der-andrassy-ut-der-beruehmten-prachtstrasse-budapests\/","name":"Premium-B\u00fcrovermietung an der Andr\u00e1ssy \u00fat \u2013 elegante Villa mit modernem B\u00fcro.","isPartOf":{"@id":"https:\/\/dandan.hu\/de\/#website"},"primaryImageOfPage":{"@id":"https:\/\/dandan.hu\/de\/firmenzentrale\/renovierte-historische-villa-moderne-bueroflaeche-buerovermietung-an-der-andrassy-ut-der-beruehmten-prachtstrasse-budapests\/#primaryimage"},"image":{"@id":"https:\/\/dandan.hu\/de\/firmenzentrale\/renovierte-historische-villa-moderne-bueroflaeche-buerovermietung-an-der-andrassy-ut-der-beruehmten-prachtstrasse-budapests\/#primaryimage"},"thumbnailUrl":"https:\/\/dandan.hu\/wp-content\/uploads\/2025\/07\/2_2022-09-09-A125-top.webp","datePublished":"2026-04-14T09:55:00+00:00","dateModified":"2026-04-24T10:05:58+00:00","description":"Stilvolle, renovierte B\u00fcro-Villa an der Andr\u00e1ssy \u00fat zu vermieten. Repr\u00e4sentativer Standort, modernes Interieur, flexible Gestaltung und Mietkonditionen.","breadcrumb":{"@id":"https:\/\/dandan.hu\/de\/firmenzentrale\/renovierte-historische-villa-moderne-bueroflaeche-buerovermietung-an-der-andrassy-ut-der-beruehmten-prachtstrasse-budapests\/#breadcrumb"},"inLanguage":"de","potentialAction":[{"@type":"ReadAction","target":["https:\/\/dandan.hu\/de\/firmenzentrale\/renovierte-historische-villa-moderne-bueroflaeche-buerovermietung-an-der-andrassy-ut-der-beruehmten-prachtstrasse-budapests\/"]}]},{"@type":"ImageObject","inLanguage":"de","@id":"https:\/\/dandan.hu\/de\/firmenzentrale\/renovierte-historische-villa-moderne-bueroflaeche-buerovermietung-an-der-andrassy-ut-der-beruehmten-prachtstrasse-budapests\/#primaryimage","url":"https:\/\/dandan.hu\/wp-content\/uploads\/2025\/07\/2_2022-09-09-A125-top.webp","contentUrl":"https:\/\/dandan.hu\/wp-content\/uploads\/2025\/07\/2_2022-09-09-A125-top.webp","width":1200,"height":675},{"@type":"BreadcrumbList","@id":"https:\/\/dandan.hu\/de\/firmenzentrale\/renovierte-historische-villa-moderne-bueroflaeche-buerovermietung-an-der-andrassy-ut-der-beruehmten-prachtstrasse-budapests\/#breadcrumb","itemListElement":[{"@type":"ListItem","position":1,"name":"Home","item":"https:\/\/dandan.hu\/de\/fooldal\/"},{"@type":"ListItem","position":2,"name":"Renovierte historische Villa, moderne B\u00fcrofl\u00e4che \u2013 B\u00fcrovermietung an der Andr\u00e1ssy \u00fat, der ber\u00fchmten Prachtstra\u00dfe Budapests."}]},{"@type":"WebSite","@id":"https:\/\/dandan.hu\/de\/#website","url":"https:\/\/dandan.hu\/de\/","name":"Dandan","description":"Dandan","publisher":{"@id":"https:\/\/dandan.hu\/de\/#organization"},"potentialAction":[{"@type":"SearchAction","target":{"@type":"EntryPoint","urlTemplate":"https:\/\/dandan.hu\/de\/?s={search_term_string}"},"query-input":{"@type":"PropertyValueSpecification","valueRequired":true,"valueName":"search_term_string"}}],"inLanguage":"de"},{"@type":"Organization","@id":"https:\/\/dandan.hu\/de\/#organization","name":"Dandan","url":"https:\/\/dandan.hu\/de\/","logo":{"@type":"ImageObject","inLanguage":"de","@id":"https:\/\/dandan.hu\/de\/#\/schema\/logo\/image\/","url":"https:\/\/dandan.hu\/wp-content\/uploads\/2023\/08\/dandan-fav-icon.png","contentUrl":"https:\/\/dandan.hu\/wp-content\/uploads\/2023\/08\/dandan-fav-icon.png","width":1103,"height":1103,"caption":"Dandan"},"image":{"@id":"https:\/\/dandan.hu\/de\/#\/schema\/logo\/image\/"}},{"@type":"Person","@id":"https:\/\/dandan.hu\/de\/#\/schema\/person\/142c6e91d68239a0f845185742f52d66","name":"danmegdan","image":{"@type":"ImageObject","inLanguage":"de","@id":"https:\/\/secure.gravatar.com\/avatar\/9d1fbefaa33107ac85e36125746c3dd756b8abc3a9078a0076240ff45318913b?s=96&d=mm&r=g","url":"https:\/\/secure.gravatar.com\/avatar\/9d1fbefaa33107ac85e36125746c3dd756b8abc3a9078a0076240ff45318913b?s=96&d=mm&r=g","contentUrl":"https:\/\/secure.gravatar.com\/avatar\/9d1fbefaa33107ac85e36125746c3dd756b8abc3a9078a0076240ff45318913b?s=96&d=mm&r=g","caption":"danmegdan"},"sameAs":["https:\/\/dandan.hu"],"url":"https:\/\/dandan.hu\/de\/author\/danmegdan\/"}]}},"_links":{"self":[{"href":"https:\/\/dandan.hu\/de\/wp-json\/wp\/v2\/posts\/5898","targetHints":{"allow":["GET"]}}],"collection":[{"href":"https:\/\/dandan.hu\/de\/wp-json\/wp\/v2\/posts"}],"about":[{"href":"https:\/\/dandan.hu\/de\/wp-json\/wp\/v2\/types\/post"}],"author":[{"embeddable":true,"href":"https:\/\/dandan.hu\/de\/wp-json\/wp\/v2\/users\/1"}],"replies":[{"embeddable":true,"href":"https:\/\/dandan.hu\/de\/wp-json\/wp\/v2\/comments?post=5898"}],"version-history":[{"count":2,"href":"https:\/\/dandan.hu\/de\/wp-json\/wp\/v2\/posts\/5898\/revisions"}],"predecessor-version":[{"id":7338,"href":"https:\/\/dandan.hu\/de\/wp-json\/wp\/v2\/posts\/5898\/revisions\/7338"}],"wp:featuredmedia":[{"embeddable":true,"href":"https:\/\/dandan.hu\/de\/wp-json\/wp\/v2\/media\/5897"}],"wp:attachment":[{"href":"https:\/\/dandan.hu\/de\/wp-json\/wp\/v2\/media?parent=5898"}],"wp:term":[{"taxonomy":"category","embeddable":true,"href":"https:\/\/dandan.hu\/de\/wp-json\/wp\/v2\/categories?post=5898"},{"taxonomy":"post_tag","embeddable":true,"href":"https:\/\/dandan.hu\/de\/wp-json\/wp\/v2\/tags?post=5898"}],"curies":[{"name":"wp","href":"https:\/\/api.w.org\/{rel}","templated":true}]}}