{"id":5918,"date":"2025-09-02T12:18:42","date_gmt":"2025-09-02T12:18:42","guid":{"rendered":"https:\/\/dandan.hu\/nicht-kategorisiert\/investitionsimmobilie-fuer-gewerbliche-und-private-zwecke-an-einem-belebten-verkehrsknotenpunkt-in-budaoers\/"},"modified":"2026-01-03T20:56:26","modified_gmt":"2026-01-03T20:56:26","slug":"investitionsimmobilie-fuer-gewerbliche-und-private-zwecke-an-einem-belebten-verkehrsknotenpunkt-in-budaoers","status":"publish","type":"post","link":"https:\/\/dandan.hu\/de\/privat\/investitionsimmobilie-fuer-gewerbliche-und-private-zwecke-an-einem-belebten-verkehrsknotenpunkt-in-budaoers\/","title":{"rendered":"Investitionsimmobilie f\u00fcr gewerbliche und private Zwecke, an einem belebten Verkehrsknotenpunkt in Buda\u00f6rs."},"content":{"rendered":"\t\t<div data-elementor-type=\"wp-post\" data-elementor-id=\"5918\" class=\"elementor elementor-5918\" data-elementor-settings=\"{&quot;ha_cmc_init_switcher&quot;:&quot;no&quot;}\" data-elementor-post-type=\"post\">\n\t\t\t\t\t\t<section class=\"elementor-section elementor-top-section elementor-element elementor-element-92bde3b elementor-section-boxed elementor-section-height-default elementor-section-height-default wpr-particle-no wpr-jarallax-no wpr-parallax-no wpr-sticky-section-no wpr-equal-height-no\" data-id=\"92bde3b\" data-element_type=\"section\" data-e-type=\"section\" data-settings=\"{&quot;background_background&quot;:&quot;classic&quot;,&quot;_ha_eqh_enable&quot;:false}\">\n\t\t\t\t\t\t<div class=\"elementor-container elementor-column-gap-default\">\n\t\t\t\t\t<div class=\"elementor-column elementor-col-33 elementor-top-column elementor-element elementor-element-830e0ae\" data-id=\"830e0ae\" data-element_type=\"column\" data-e-type=\"column\">\n\t\t\t<div class=\"elementor-widget-wrap elementor-element-populated\">\n\t\t\t\t\t\t<div class=\"elementor-element elementor-element-fc73652 elementor-align-center elementor-widget elementor-widget-button\" data-id=\"fc73652\" data-element_type=\"widget\" data-e-type=\"widget\" data-widget_type=\"button.default\">\n\t\t\t\t<div class=\"elementor-widget-container\">\n\t\t\t\t\t\t\t\t\t<div class=\"elementor-button-wrapper\">\n\t\t\t\t\t<a class=\"elementor-button elementor-button-link elementor-size-sm\" href=\"https:\/\/dandan.hu\/de\/ueber-uns\/\">\n\t\t\t\t\t\t<span class=\"elementor-button-content-wrapper\">\n\t\t\t\t\t\t\t\t\t<span class=\"elementor-button-text\">\u00dcber uns<\/span>\n\t\t\t\t\t<\/span>\n\t\t\t\t\t<\/a>\n\t\t\t\t<\/div>\n\t\t\t\t\t\t\t\t<\/div>\n\t\t\t\t<\/div>\n\t\t\t\t\t<\/div>\n\t\t<\/div>\n\t\t\t\t<div class=\"elementor-column elementor-col-33 elementor-top-column elementor-element elementor-element-e80db3e\" data-id=\"e80db3e\" data-element_type=\"column\" data-e-type=\"column\">\n\t\t\t<div class=\"elementor-widget-wrap elementor-element-populated\">\n\t\t\t\t\t\t<div class=\"elementor-element elementor-element-4a8e35e elementor-align-center elementor-widget elementor-widget-button\" data-id=\"4a8e35e\" data-element_type=\"widget\" data-e-type=\"widget\" data-widget_type=\"button.default\">\n\t\t\t\t<div class=\"elementor-widget-container\">\n\t\t\t\t\t\t\t\t\t<div class=\"elementor-button-wrapper\">\n\t\t\t\t\t<a class=\"elementor-button elementor-button-link elementor-size-sm\" href=\"https:\/\/dandan.hu\/de\/unsere-projekte\/\">\n\t\t\t\t\t\t<span class=\"elementor-button-content-wrapper\">\n\t\t\t\t\t\t\t\t\t<span class=\"elementor-button-text\">Unsere Projekte<\/span>\n\t\t\t\t\t<\/span>\n\t\t\t\t\t<\/a>\n\t\t\t\t<\/div>\n\t\t\t\t\t\t\t\t<\/div>\n\t\t\t\t<\/div>\n\t\t\t\t\t<\/div>\n\t\t<\/div>\n\t\t\t\t<div class=\"elementor-column elementor-col-33 elementor-top-column elementor-element elementor-element-3f22708\" data-id=\"3f22708\" data-element_type=\"column\" data-e-type=\"column\">\n\t\t\t<div class=\"elementor-widget-wrap elementor-element-populated\">\n\t\t\t\t\t\t<div class=\"elementor-element elementor-element-b9157ca elementor-align-center elementor-widget elementor-widget-button\" data-id=\"b9157ca\" data-element_type=\"widget\" data-e-type=\"widget\" data-widget_type=\"button.default\">\n\t\t\t\t<div class=\"elementor-widget-container\">\n\t\t\t\t\t\t\t\t\t<div class=\"elementor-button-wrapper\">\n\t\t\t\t\t<a class=\"elementor-button elementor-button-link elementor-size-sm\" href=\"https:\/\/dandan.hu\/de\/kontakt\/\">\n\t\t\t\t\t\t<span class=\"elementor-button-content-wrapper\">\n\t\t\t\t\t\t\t\t\t<span class=\"elementor-button-text\">Kontakt<\/span>\n\t\t\t\t\t<\/span>\n\t\t\t\t\t<\/a>\n\t\t\t\t<\/div>\n\t\t\t\t\t\t\t\t<\/div>\n\t\t\t\t<\/div>\n\t\t\t\t\t<\/div>\n\t\t<\/div>\n\t\t\t\t\t<\/div>\n\t\t<\/section>\n\t\t\t\t<section class=\"elementor-section elementor-top-section elementor-element elementor-element-e7f41fe elementor-section-boxed elementor-section-height-default elementor-section-height-default wpr-particle-no wpr-jarallax-no wpr-parallax-no wpr-sticky-section-no wpr-equal-height-no\" data-id=\"e7f41fe\" data-element_type=\"section\" data-e-type=\"section\" data-settings=\"{&quot;background_background&quot;:&quot;classic&quot;,&quot;_ha_eqh_enable&quot;:false}\">\n\t\t\t\t\t\t\t<div class=\"elementor-background-overlay\"><\/div>\n\t\t\t\t\t\t\t<div class=\"elementor-container elementor-column-gap-default\">\n\t\t\t\t\t<div class=\"elementor-column elementor-col-100 elementor-top-column elementor-element elementor-element-2dd6105\" data-id=\"2dd6105\" data-element_type=\"column\" data-e-type=\"column\">\n\t\t\t<div class=\"elementor-widget-wrap elementor-element-populated\">\n\t\t\t\t\t\t<div class=\"elementor-element elementor-element-98c2a71 elementor-arrows-position-inside elementor-pagination-position-outside elementor-widget elementor-widget-image-carousel\" data-id=\"98c2a71\" data-element_type=\"widget\" data-e-type=\"widget\" data-settings=\"{&quot;slides_to_show&quot;:&quot;1&quot;,&quot;navigation&quot;:&quot;both&quot;,&quot;autoplay&quot;:&quot;yes&quot;,&quot;pause_on_hover&quot;:&quot;yes&quot;,&quot;pause_on_interaction&quot;:&quot;yes&quot;,&quot;autoplay_speed&quot;:5000,&quot;infinite&quot;:&quot;yes&quot;,&quot;effect&quot;:&quot;slide&quot;,&quot;speed&quot;:500}\" data-widget_type=\"image-carousel.default\">\n\t\t\t\t<div class=\"elementor-widget-container\">\n\t\t\t\t\t\t\t<div class=\"elementor-image-carousel-wrapper swiper\" role=\"region\" aria-roledescription=\"carousel\" aria-label=\"Image Carousel\" dir=\"ltr\">\n\t\t\t<div class=\"elementor-image-carousel swiper-wrapper swiper-image-stretch\" aria-live=\"off\">\n\t\t\t\t\t\t\t\t<div class=\"swiper-slide\" role=\"group\" aria-roledescription=\"slide\" aria-label=\"1 von 11\"><figure class=\"swiper-slide-inner\"><img decoding=\"async\" class=\"swiper-slide-image\" src=\"https:\/\/dandan.hu\/wp-content\/uploads\/2025\/09\/borsipari-05-1024x576.jpg\" alt=\"bo\u0308rsipari-05\" \/><\/figure><\/div><div class=\"swiper-slide\" role=\"group\" aria-roledescription=\"slide\" aria-label=\"2 von 11\"><figure class=\"swiper-slide-inner\"><img decoding=\"async\" class=\"swiper-slide-image\" src=\"https:\/\/dandan.hu\/wp-content\/uploads\/2025\/09\/borsipari-06-1024x576.jpg\" alt=\"bo\u0308rsipari-06\" \/><\/figure><\/div><div class=\"swiper-slide\" role=\"group\" aria-roledescription=\"slide\" aria-label=\"3 von 11\"><figure class=\"swiper-slide-inner\"><img decoding=\"async\" class=\"swiper-slide-image\" src=\"https:\/\/dandan.hu\/wp-content\/uploads\/2025\/09\/borsipari-07-1024x576.jpg\" alt=\"bo\u0308rsipari-07\" \/><\/figure><\/div><div class=\"swiper-slide\" role=\"group\" aria-roledescription=\"slide\" aria-label=\"4 von 11\"><figure class=\"swiper-slide-inner\"><img decoding=\"async\" class=\"swiper-slide-image\" src=\"https:\/\/dandan.hu\/wp-content\/uploads\/2025\/09\/epulet_1800x1013_bgF2F0E2-1024x576.jpg\" alt=\"epulet_1800x1013_bgF2F0E2\" \/><\/figure><\/div><div class=\"swiper-slide\" role=\"group\" aria-roledescription=\"slide\" aria-label=\"5 von 11\"><figure class=\"swiper-slide-inner\"><img decoding=\"async\" class=\"swiper-slide-image\" src=\"https:\/\/dandan.hu\/wp-content\/uploads\/2025\/09\/borsipari-10-1024x576.jpg\" alt=\"bo\u0308rsipari-10\" \/><\/figure><\/div><div class=\"swiper-slide\" role=\"group\" aria-roledescription=\"slide\" aria-label=\"6 von 11\"><figure class=\"swiper-slide-inner\"><img decoding=\"async\" class=\"swiper-slide-image\" src=\"https:\/\/dandan.hu\/wp-content\/uploads\/2025\/09\/borsipari-12-1024x576.jpg\" alt=\"bo\u0308rsipari-12\" \/><\/figure><\/div><div class=\"swiper-slide\" role=\"group\" aria-roledescription=\"slide\" aria-label=\"7 von 11\"><figure class=\"swiper-slide-inner\"><img decoding=\"async\" class=\"swiper-slide-image\" src=\"https:\/\/dandan.hu\/wp-content\/uploads\/2025\/09\/borsipari-09-1024x576.jpg\" alt=\"bo\u0308rsipari-09\" \/><\/figure><\/div><div class=\"swiper-slide\" role=\"group\" aria-roledescription=\"slide\" aria-label=\"8 von 11\"><figure class=\"swiper-slide-inner\"><img decoding=\"async\" class=\"swiper-slide-image\" src=\"https:\/\/dandan.hu\/wp-content\/uploads\/2025\/09\/borsipari-13-1024x576.jpg\" alt=\"bo\u0308rsipari-13\" \/><\/figure><\/div><div class=\"swiper-slide\" role=\"group\" aria-roledescription=\"slide\" aria-label=\"9 von 11\"><figure class=\"swiper-slide-inner\"><img decoding=\"async\" class=\"swiper-slide-image\" src=\"https:\/\/dandan.hu\/wp-content\/uploads\/2025\/09\/borsipari-02-1024x576.jpg\" alt=\"default\" \/><\/figure><\/div><div class=\"swiper-slide\" role=\"group\" aria-roledescription=\"slide\" aria-label=\"10 von 11\"><figure class=\"swiper-slide-inner\"><img decoding=\"async\" class=\"swiper-slide-image\" src=\"https:\/\/dandan.hu\/wp-content\/uploads\/2025\/09\/borsipari-03-1024x576.jpg\" alt=\"default\" \/><\/figure><\/div><div class=\"swiper-slide\" role=\"group\" aria-roledescription=\"slide\" aria-label=\"11 von 11\"><figure class=\"swiper-slide-inner\"><img decoding=\"async\" class=\"swiper-slide-image\" src=\"https:\/\/dandan.hu\/wp-content\/uploads\/2025\/09\/borsipari-01-1024x576.jpg\" alt=\"default\" \/><\/figure><\/div>\t\t\t<\/div>\n\t\t\t\t\t\t\t\t\t\t\t\t<div class=\"elementor-swiper-button elementor-swiper-button-prev\" role=\"button\" tabindex=\"0\">\n\t\t\t\t\t\t<i aria-hidden=\"true\" class=\"eicon-chevron-left\"><\/i>\t\t\t\t\t<\/div>\n\t\t\t\t\t<div class=\"elementor-swiper-button elementor-swiper-button-next\" role=\"button\" tabindex=\"0\">\n\t\t\t\t\t\t<i aria-hidden=\"true\" class=\"eicon-chevron-right\"><\/i>\t\t\t\t\t<\/div>\n\t\t\t\t\n\t\t\t\t\t\t\t\t\t<div class=\"swiper-pagination\"><\/div>\n\t\t\t\t\t\t\t\t\t<\/div>\n\t\t\t\t\t\t<\/div>\n\t\t\t\t<\/div>\n\t\t\t\t<div class=\"elementor-element elementor-element-66a8895 elementor-widget elementor-widget-heading\" data-id=\"66a8895\" data-element_type=\"widget\" data-e-type=\"widget\" data-widget_type=\"heading.default\">\n\t\t\t\t<div class=\"elementor-widget-container\">\n\t\t\t\t\t<h1 class=\"elementor-heading-title elementor-size-default\"><h1 data-elementor-setting-key=\"title\" data-pen-placeholder=\"Type Here...\"><span style=\"font-size: 50px;font-weight: 800\">Anlageimmobilie zum Verkauf in einem belebten Teil von Buda\u00f6rs\n<\/span><span style=\"font-size: 50px;font-weight: 800\"><\/span><\/h1><\/h1>\t\t\t\t<\/div>\n\t\t\t\t<\/div>\n\t\t\t\t<section class=\"elementor-section elementor-inner-section elementor-element elementor-element-e00ceb5 elementor-section-content-middle elementor-section-boxed elementor-section-height-default elementor-section-height-default wpr-particle-no wpr-jarallax-no wpr-parallax-no wpr-sticky-section-no wpr-equal-height-no\" data-id=\"e00ceb5\" data-element_type=\"section\" data-e-type=\"section\" data-settings=\"{&quot;_ha_eqh_enable&quot;:false}\">\n\t\t\t\t\t\t<div class=\"elementor-container elementor-column-gap-default\">\n\t\t\t\t\t<div class=\"elementor-column elementor-col-25 elementor-inner-column elementor-element elementor-element-3fe5917\" data-id=\"3fe5917\" data-element_type=\"column\" data-e-type=\"column\">\n\t\t\t<div class=\"elementor-widget-wrap elementor-element-populated\">\n\t\t\t\t\t\t<div class=\"elementor-element elementor-element-34e2f7d e-transform e-transform e-transform e-transform elementor-widget elementor-widget-heading\" data-id=\"34e2f7d\" data-element_type=\"widget\" data-e-type=\"widget\" data-settings=\"{&quot;_transform_rotateZ_effect&quot;:{&quot;unit&quot;:&quot;px&quot;,&quot;size&quot;:&quot;&quot;,&quot;sizes&quot;:[]},&quot;_transform_rotateZ_effect_tablet&quot;:{&quot;unit&quot;:&quot;deg&quot;,&quot;size&quot;:&quot;&quot;,&quot;sizes&quot;:[]},&quot;_transform_rotateZ_effect_mobile&quot;:{&quot;unit&quot;:&quot;deg&quot;,&quot;size&quot;:&quot;&quot;,&quot;sizes&quot;:[]},&quot;_transform_translateX_effect&quot;:{&quot;unit&quot;:&quot;px&quot;,&quot;size&quot;:&quot;&quot;,&quot;sizes&quot;:[]},&quot;_transform_translateX_effect_tablet&quot;:{&quot;unit&quot;:&quot;px&quot;,&quot;size&quot;:&quot;&quot;,&quot;sizes&quot;:[]},&quot;_transform_translateX_effect_mobile&quot;:{&quot;unit&quot;:&quot;px&quot;,&quot;size&quot;:&quot;&quot;,&quot;sizes&quot;:[]},&quot;_transform_translateY_effect&quot;:{&quot;unit&quot;:&quot;px&quot;,&quot;size&quot;:&quot;&quot;,&quot;sizes&quot;:[]},&quot;_transform_translateY_effect_tablet&quot;:{&quot;unit&quot;:&quot;px&quot;,&quot;size&quot;:&quot;&quot;,&quot;sizes&quot;:[]},&quot;_transform_translateY_effect_mobile&quot;:{&quot;unit&quot;:&quot;px&quot;,&quot;size&quot;:&quot;&quot;,&quot;sizes&quot;:[]},&quot;_transform_scale_effect&quot;:{&quot;unit&quot;:&quot;px&quot;,&quot;size&quot;:&quot;&quot;,&quot;sizes&quot;:[]},&quot;_transform_scale_effect_tablet&quot;:{&quot;unit&quot;:&quot;px&quot;,&quot;size&quot;:&quot;&quot;,&quot;sizes&quot;:[]},&quot;_transform_scale_effect_mobile&quot;:{&quot;unit&quot;:&quot;px&quot;,&quot;size&quot;:&quot;&quot;,&quot;sizes&quot;:[]},&quot;_transform_skewX_effect&quot;:{&quot;unit&quot;:&quot;px&quot;,&quot;size&quot;:&quot;&quot;,&quot;sizes&quot;:[]},&quot;_transform_skewX_effect_tablet&quot;:{&quot;unit&quot;:&quot;deg&quot;,&quot;size&quot;:&quot;&quot;,&quot;sizes&quot;:[]},&quot;_transform_skewX_effect_mobile&quot;:{&quot;unit&quot;:&quot;deg&quot;,&quot;size&quot;:&quot;&quot;,&quot;sizes&quot;:[]},&quot;_transform_skewY_effect&quot;:{&quot;unit&quot;:&quot;px&quot;,&quot;size&quot;:&quot;&quot;,&quot;sizes&quot;:[]},&quot;_transform_skewY_effect_tablet&quot;:{&quot;unit&quot;:&quot;deg&quot;,&quot;size&quot;:&quot;&quot;,&quot;sizes&quot;:[]},&quot;_transform_skewY_effect_mobile&quot;:{&quot;unit&quot;:&quot;deg&quot;,&quot;size&quot;:&quot;&quot;,&quot;sizes&quot;:[]}}\" data-widget_type=\"heading.default\">\n\t\t\t\t<div class=\"elementor-widget-container\">\n\t\t\t\t\t<h2 class=\"elementor-heading-title elementor-size-default\">Buda\u00f6rs<\/h2>\t\t\t\t<\/div>\n\t\t\t\t<\/div>\n\t\t\t\t\t<\/div>\n\t\t<\/div>\n\t\t\t\t<div class=\"elementor-column elementor-col-25 elementor-inner-column elementor-element elementor-element-afe8654\" data-id=\"afe8654\" data-element_type=\"column\" data-e-type=\"column\">\n\t\t\t<div class=\"elementor-widget-wrap elementor-element-populated\">\n\t\t\t\t\t\t<div class=\"elementor-element elementor-element-49d03ba elementor-widget__width-initial elementor-widget elementor-widget-heading\" data-id=\"49d03ba\" data-element_type=\"widget\" data-e-type=\"widget\" data-widget_type=\"heading.default\">\n\t\t\t\t<div class=\"elementor-widget-container\">\n\t\t\t\t\t<h2 class=\"elementor-heading-title elementor-size-default\">Bebaute Fl\u00e4che: 625 m\u00b2 (3 Geb\u00e4ude + Anbau) <\/h2>\t\t\t\t<\/div>\n\t\t\t\t<\/div>\n\t\t\t\t\t<\/div>\n\t\t<\/div>\n\t\t\t\t<div class=\"elementor-column elementor-col-25 elementor-inner-column elementor-element elementor-element-97d5b0e\" data-id=\"97d5b0e\" data-element_type=\"column\" data-e-type=\"column\">\n\t\t\t<div class=\"elementor-widget-wrap elementor-element-populated\">\n\t\t\t\t\t\t<div class=\"elementor-element elementor-element-0724b3b elementor-widget elementor-widget-heading\" data-id=\"0724b3b\" data-element_type=\"widget\" data-e-type=\"widget\" data-widget_type=\"heading.default\">\n\t\t\t\t<div class=\"elementor-widget-container\">\n\t\t\t\t\t<h2 class=\"elementor-heading-title elementor-size-default\">Grundst\u00fccksfl\u00e4che:<br>1289 m\u00b2 (+13 m\u00b2 Gehweg)<\/h2>\t\t\t\t<\/div>\n\t\t\t\t<\/div>\n\t\t\t\t\t<\/div>\n\t\t<\/div>\n\t\t\t\t<div class=\"elementor-column elementor-col-25 elementor-inner-column elementor-element elementor-element-4876ddb\" data-id=\"4876ddb\" data-element_type=\"column\" data-e-type=\"column\">\n\t\t\t<div class=\"elementor-widget-wrap elementor-element-populated\">\n\t\t\t\t\t\t<div class=\"elementor-element elementor-element-e38d7d5 elementor-widget elementor-widget-heading\" data-id=\"e38d7d5\" data-element_type=\"widget\" data-e-type=\"widget\" data-widget_type=\"heading.default\">\n\t\t\t\t<div class=\"elementor-widget-container\">\n\t\t\t\t\t<h2 class=\"elementor-heading-title elementor-size-default\">698.000.000 Fu\u00df<\/h2>\t\t\t\t<\/div>\n\t\t\t\t<\/div>\n\t\t\t\t\t<\/div>\n\t\t<\/div>\n\t\t\t\t\t<\/div>\n\t\t<\/section>\n\t\t\t\t\t<\/div>\n\t\t<\/div>\n\t\t\t\t\t<\/div>\n\t\t<\/section>\n\t\t\t\t<section class=\"elementor-section elementor-top-section elementor-element elementor-element-ce10dd9 elementor-section-boxed elementor-section-height-default elementor-section-height-default wpr-particle-no wpr-jarallax-no wpr-parallax-no wpr-sticky-section-no wpr-equal-height-no\" data-id=\"ce10dd9\" data-element_type=\"section\" data-e-type=\"section\" data-settings=\"{&quot;background_background&quot;:&quot;classic&quot;,&quot;_ha_eqh_enable&quot;:false}\">\n\t\t\t\t\t\t\t<div class=\"elementor-background-overlay\"><\/div>\n\t\t\t\t\t\t\t<div class=\"elementor-container elementor-column-gap-default\">\n\t\t\t\t\t<div class=\"elementor-column elementor-col-100 elementor-top-column elementor-element elementor-element-ca1d66a\" data-id=\"ca1d66a\" data-element_type=\"column\" data-e-type=\"column\">\n\t\t\t<div class=\"elementor-widget-wrap elementor-element-populated\">\n\t\t\t\t\t\t<div class=\"elementor-element elementor-element-a059f66 elementor-widget elementor-widget-spacer\" data-id=\"a059f66\" data-element_type=\"widget\" data-e-type=\"widget\" data-widget_type=\"spacer.default\">\n\t\t\t\t<div class=\"elementor-widget-container\">\n\t\t\t\t\t\t\t<div class=\"elementor-spacer\">\n\t\t\t<div class=\"elementor-spacer-inner\"><\/div>\n\t\t<\/div>\n\t\t\t\t\t\t<\/div>\n\t\t\t\t<\/div>\n\t\t\t\t\t<\/div>\n\t\t<\/div>\n\t\t\t\t\t<\/div>\n\t\t<\/section>\n\t\t\t\t<section class=\"elementor-section elementor-top-section elementor-element elementor-element-e87c584 elementor-section-boxed elementor-section-height-default elementor-section-height-default wpr-particle-no wpr-jarallax-no wpr-parallax-no wpr-sticky-section-no wpr-equal-height-no\" data-id=\"e87c584\" data-element_type=\"section\" data-e-type=\"section\" data-settings=\"{&quot;background_background&quot;:&quot;classic&quot;,&quot;_ha_eqh_enable&quot;:false}\">\n\t\t\t\t\t\t\t<div class=\"elementor-background-overlay\"><\/div>\n\t\t\t\t\t\t\t<div class=\"elementor-container elementor-column-gap-default\">\n\t\t\t\t\t<div class=\"elementor-column elementor-col-100 elementor-top-column elementor-element elementor-element-e56341b\" data-id=\"e56341b\" data-element_type=\"column\" data-e-type=\"column\">\n\t\t\t<div class=\"elementor-widget-wrap elementor-element-populated\">\n\t\t\t\t\t\t<div class=\"elementor-element elementor-element-681d0ec elementor-widget__width-initial ha-has-bg-overlay elementor-widget elementor-widget-text-editor\" data-id=\"681d0ec\" data-element_type=\"widget\" data-e-type=\"widget\" data-widget_type=\"text-editor.default\">\n\t\t\t\t<div class=\"elementor-widget-container\">\n\t\t\t\t\t\t\t\t\t<h1 data-start=\"453\" data-end=\"601\">Renditeobjekt, geeignet f\u00fcr gewerbliche und Wohnbebauung, im Zentrum von Buda\u00f6rs, in unmittelbarer N\u00e4he von Einkaufszentren.<\/h1><h3 data-start=\"124\" data-end=\"143\">Standort<\/h3><p data-start=\"145\" data-end=\"437\">Buda\u00f6rs z\u00e4hlt zu den erfolgreichsten St\u00e4dten Ungarns und weist eine au\u00dfergew\u00f6hnlich hohe Anzahl an Unternehmenszentralen und Gesch\u00e4ftszentren auf. Das Objekt befindet sich in unmittelbarer N\u00e4he einer stark befahrenen Hauptstra\u00dfe und der gr\u00f6\u00dften Einkaufszentren der Stadt, wodurch ein stetiger Gesch\u00e4fts- und Wohnverkehr gew\u00e4hrleistet ist. <\/p><p data-start=\"439\" data-end=\"817\">Das Grundst\u00fcck befindet sich in unmittelbarer N\u00e4he von Budapest, am Autobahnkreuz M1\u2013M7, und ist somit nicht nur von der Hauptstadt, sondern auch von der gesamten westlichen Region des Landes schnell erreichbar. Die hervorragende Verkehrsanbindung, die gut ausgebaute st\u00e4dtische Infrastruktur und die dynamische Wirtschaft der Region gew\u00e4hrleisten, dass jede Bebauung langfristig wertvoll und rentabel sein wird. <\/p><h2 data-start=\"608\" data-end=\"632\"><strong data-start=\"611\" data-end=\"632\">Warum ist es etwas Besonderes?<\/strong><\/h2><ul data-start=\"633\" data-end=\"936\"><li data-start=\"633\" data-end=\"681\"><p data-start=\"635\" data-end=\"681\">Bereits vermietet, generiert Einnahmen<\/p><\/li><li data-start=\"682\" data-end=\"745\"><p data-start=\"684\" data-end=\"745\">G\u00fcnstiger Preis im Vergleich zu anderen Immobilien in der Gegend<\/p><\/li><li data-start=\"746\" data-end=\"789\"><p data-start=\"748\" data-end=\"789\">Nahezu 2600 m\u00b2 Entwicklungspotenzial<\/p><\/li><li data-start=\"790\" data-end=\"868\"><p data-start=\"792\" data-end=\"868\">Flexible Nutzungsm\u00f6glichkeiten: Wohnung, Laden, B\u00fcro, Ausstellungsraum, Lagerhalle k\u00f6nnen kombiniert werden.<\/p><\/li><li data-start=\"869\" data-end=\"936\"><p data-start=\"871\" data-end=\"936\">Hervorragende Erreichbarkeit am Knotenpunkt der Autobahnen M1\u2013M7<\/p><\/li><\/ul><h2 data-start=\"943\" data-end=\"968\"> <\/h2><h2 data-start=\"943\" data-end=\"968\"><strong data-start=\"946\" data-end=\"968\">Objektdetails<\/strong><\/h2><ul data-start=\"969\" data-end=\"1321\"><li data-start=\"969\" data-end=\"1015\"><p data-start=\"971\" data-end=\"1015\">Grundst\u00fccksfl\u00e4che: 1.289 m\u00b2 (+13 m\u00b2 Gehweg)<\/p><\/li><li data-start=\"1016\" data-end=\"1079\"><p data-start=\"1018\" data-end=\"1079\">Bebaute Fl\u00e4che: 625 m\u00b2 (3 Hauptgeb\u00e4ude + Nebengeb\u00e4ude)<\/p><\/li><li data-start=\"1080\" data-end=\"1162\"><p data-start=\"1082\" data-end=\"1162\">Zoneneinteilung: gemischtes Siedlungszentrum \u2013 Innenstadt, geschlossener Typ (Vt-Bv\/1)<\/p><\/li><li data-start=\"1163\" data-end=\"1225\"><p data-start=\"1165\" data-end=\"1225\">Maximale Bebaubarkeit: 40 % , Geschossfl\u00e4chenzahl: 1,6 <\/p><\/li><li data-start=\"1226\" data-end=\"1260\"><p data-start=\"1228\" data-end=\"1260\">Maximale Geb\u00e4udeh\u00f6he: 7,5 m <\/p><\/li><li data-start=\"1261\" data-end=\"1321\"><p data-start=\"1263\" data-end=\"1321\">Entwicklungspotenzial: ~2600 m\u00b2 (oberirdisch + unterirdisch)<\/p><\/li><\/ul><h2 data-start=\"1598\" data-end=\"1622\"> <\/h2><h2 data-start=\"1598\" data-end=\"1622\"><strong data-start=\"1601\" data-end=\"1622\">Technische Merkmale<\/strong><\/h2><ul data-start=\"1623\" data-end=\"1841\"><li data-start=\"1623\" data-end=\"1665\"><p data-start=\"1625\" data-end=\"1665\">Zweigeschossige Backsteingeb\u00e4ude, Stahlbetonfundament<\/p><\/li><li data-start=\"1666\" data-end=\"1718\"><p data-start=\"1668\" data-end=\"1718\">Zentralheizung (Buderus-Gasheizkessel + Solarkollektor)<\/p><\/li><li data-start=\"1719\" data-end=\"1761\"><p data-start=\"1721\" data-end=\"1761\">Alternative Heizung: Zweistoffkessel<\/p><\/li><li data-start=\"1762\" data-end=\"1798\"><p data-start=\"1764\" data-end=\"1798\">Voller Komfort, Heizk\u00f6rperheizung<\/p><\/li><li data-start=\"1799\" data-end=\"1841\"><p data-start=\"1801\" data-end=\"1841\">Dachsanierung 2014, finnische Dachplatten<\/p><\/li><\/ul><h3><strong>Lassen Sie sich diese einzigartige und vielseitige Investitions- und Entwicklungsm\u00f6glichkeit in einer der beliebtesten Gegenden von Buda\u00f6rs nicht entgehen! F\u00fcr weitere Informationen kontaktieren Sie bitte D\u00e1niel Vit\u00e1ry telefonisch unter +36 30 618 22 71 oder schreiben Sie eine E-Mail an hello@dandan.hu!<\/strong><\/h3>\t\t\t\t\t\t\t\t<\/div>\n\t\t\t\t<\/div>\n\t\t\t\t<div class=\"elementor-element elementor-element-0209770 ha-post-navigator-borders-yes ha-has-bg-overlay elementor-widget elementor-widget-ha-post-navigation happy-addon ha-post-navigation\" data-id=\"0209770\" data-element_type=\"widget\" data-e-type=\"widget\" data-widget_type=\"ha-post-navigation.default\">\n\t\t\t\t<div class=\"elementor-widget-container\">\n\t\t\t\t\t        <div class=\"ha-post-navigator\">\n            <div class=\"ha-post-navigator__prev ha-post-navigator__link\">\n                <a href=\"https:\/\/dandan.hu\/de\/privat\/naturverbundener-wellnesskomplex-kombiniert-mit-luxurioesem-wohnerlebnis\/\" rel=\"prev\"><span class=\"post-navigation__arrow-wrapper post-navigation__arrow-prev\"><i class=\"fa fa-angle-left\" aria-hidden=\"true\"><\/i><span class=\"elementor-screen-only\">Prev<\/span><\/span><span class=\"ha-post-navigator__link__prev\"><span class=\"post-navigation__prev--label\">Vorherige<\/span><span class=\"post-navigation__prev--title\">Naturverbundener Wellnesskomplex kombiniert mit luxuri\u00f6sem Wohnerlebnis<\/span><\/span><\/a>            <\/div>\n                            <div class=\"ha-post-navigator__separator-wrapper\">\n                    <div class=\"ha-post-navigator__separator\"><\/div>\n                <\/div>\n                        <div class=\"ha-post-navigator__next ha-post-navigator__link\">\n                <a href=\"https:\/\/dandan.hu\/de\/privat\/einzigartige-gelegenheit-in-nagykanizsa-funktionstuechtiges-anspruchsvoll-gestaltetes-gaestehaus\/\" rel=\"next\"><span class=\"ha-post-navigator__link__next\"><span class=\"post-navigation__next--label\">N\u00e4chste<\/span><span class=\"post-navigation__next--title\">Einzigartige Gelegenheit in Nagykanizsa \u2013 funktionst\u00fcchtiges, anspruchsvoll gestaltetes G\u00e4stehaus<\/span><\/span><span class=\"post-navigation__arrow-wrapper post-navigation__arrow-next\"><i class=\"fa fa-angle-right\" aria-hidden=\"true\"><\/i><span class=\"elementor-screen-only\">Next<\/span><\/span><\/a>            <\/div>\n        <\/div>\n\t\t\t\t<\/div>\n\t\t\t\t<\/div>\n\t\t\t\t\t<\/div>\n\t\t<\/div>\n\t\t\t\t\t<\/div>\n\t\t<\/section>\n\t\t\t\t<section class=\"elementor-section elementor-top-section elementor-element elementor-element-f036d4a elementor-section-boxed elementor-section-height-default elementor-section-height-default wpr-particle-no wpr-jarallax-no wpr-parallax-no wpr-sticky-section-no wpr-equal-height-no\" data-id=\"f036d4a\" data-element_type=\"section\" data-e-type=\"section\" data-settings=\"{&quot;background_background&quot;:&quot;classic&quot;,&quot;_ha_eqh_enable&quot;:false}\">\n\t\t\t\t\t\t\t<div class=\"elementor-background-overlay\"><\/div>\n\t\t\t\t\t\t\t<div class=\"elementor-container elementor-column-gap-default\">\n\t\t\t\t\t<div class=\"elementor-column elementor-col-100 elementor-top-column elementor-element elementor-element-82b6b7f\" data-id=\"82b6b7f\" data-element_type=\"column\" data-e-type=\"column\">\n\t\t\t<div class=\"elementor-widget-wrap elementor-element-populated\">\n\t\t\t\t\t\t\t<\/div>\n\t\t<\/div>\n\t\t\t\t\t<\/div>\n\t\t<\/section>\n\t\t\t\t<\/div>\n\t\t","protected":false},"excerpt":{"rendered":"<p>Investitionsimmobilie in Buda\u00f6rs zu verkaufen, in belebter Lage, mit einem Entwicklungspotenzial von fast 2600 m\u00b2. Ideal f\u00fcr gewerbliche und private Zwecke \u2013 Grundst\u00fcck und Geb\u00e4ude zusammen, zu einem g\u00fcnstigen Preis. <\/p>\n","protected":false},"author":1,"featured_media":5915,"comment_status":"closed","ping_status":"closed","sticky":false,"template":"elementor_canvas","format":"standard","meta":{"footnotes":""},"categories":[472],"tags":[386,387,361,207,389,388,208],"class_list":["post-5918","post","type-post","status-publish","format-standard","has-post-thumbnail","hentry","category-privat","tag-budaors-investitionsimmobilie","tag-entwicklungsgebiet-budaors","tag-immobilienentwicklung","tag-investition","tag-lager-und-buroentwicklung","tag-vegyes-funkcioju-ingatlan","tag-zu-verkaufen"],"yoast_head":"<!-- This site is optimized with the Yoast SEO plugin v27.5 - https:\/\/yoast.com\/product\/yoast-seo-wordpress\/ -->\n<title>Investitionsimmobilie in Buda\u00f6rs \u2013 Grundst\u00fcck und Geb\u00e4ude geeignet f\u00fcr Entwicklung.<\/title>\n<meta name=\"description\" content=\"Investitionsimmobilie im Zentrum von Buda\u00f6rs zu verkaufen, 1.289 m\u00b2 Grundst\u00fcck, 625 m\u00b2 bebaute Fl\u00e4che. Hervorragende Entwicklungsm\u00f6glichkeiten f\u00fcr Gewerbe und Wohnen.\" \/>\n<meta name=\"robots\" content=\"index, follow, max-snippet:-1, max-image-preview:large, max-video-preview:-1\" \/>\n<link rel=\"canonical\" href=\"https:\/\/dandan.hu\/de\/privat\/investitionsimmobilie-fuer-gewerbliche-und-private-zwecke-an-einem-belebten-verkehrsknotenpunkt-in-budaoers\/\" \/>\n<meta property=\"og:locale\" content=\"de_DE\" \/>\n<meta property=\"og:type\" content=\"article\" \/>\n<meta property=\"og:title\" content=\"In einem belebten Teil von Buda\u00f6rs \u2013 einzigartige Investitionsimmobilie zu verkaufen\" \/>\n<meta property=\"og:description\" content=\"Au\u00dfergew\u00f6hnliche Gelegenheit in Buda\u00f6rs! Zu verkaufen: Investitionsimmobilie mit gemischter Nutzung an einer vielbefahrenen Hauptstra\u00dfe, in der N\u00e4he von Einkaufszentren. Erwirtschaftet bereits Einnahmen \u2013 Entwicklungspotenzial von fast 2600 m\u00b2!\" \/>\n<meta property=\"og:url\" content=\"https:\/\/dandan.hu\/de\/privat\/investitionsimmobilie-fuer-gewerbliche-und-private-zwecke-an-einem-belebten-verkehrsknotenpunkt-in-budaoers\/\" \/>\n<meta property=\"og:site_name\" content=\"Dandan\" \/>\n<meta property=\"article:published_time\" content=\"2025-09-02T12:18:42+00:00\" \/>\n<meta property=\"article:modified_time\" content=\"2026-01-03T20:56:26+00:00\" \/>\n<meta property=\"og:image\" content=\"https:\/\/dandan.hu\/wp-content\/uploads\/2025\/09\/borsipari-02-1024x576.jpg\" \/>\n<meta name=\"author\" content=\"danmegdan\" \/>\n<meta name=\"twitter:card\" content=\"summary_large_image\" \/>\n<meta name=\"twitter:label1\" content=\"Verfasst von\" \/>\n\t<meta name=\"twitter:data1\" content=\"danmegdan\" \/>\n\t<meta name=\"twitter:label2\" content=\"Gesch\u00e4tzte Lesezeit\" \/>\n\t<meta name=\"twitter:data2\" content=\"1\u00a0Minute\" \/>\n<script type=\"application\/ld+json\" class=\"yoast-schema-graph\">{\"@context\":\"https:\\\/\\\/schema.org\",\"@graph\":[{\"@type\":\"Article\",\"@id\":\"https:\\\/\\\/dandan.hu\\\/de\\\/privat\\\/investitionsimmobilie-fuer-gewerbliche-und-private-zwecke-an-einem-belebten-verkehrsknotenpunkt-in-budaoers\\\/#article\",\"isPartOf\":{\"@id\":\"https:\\\/\\\/dandan.hu\\\/de\\\/privat\\\/investitionsimmobilie-fuer-gewerbliche-und-private-zwecke-an-einem-belebten-verkehrsknotenpunkt-in-budaoers\\\/\"},\"author\":{\"name\":\"danmegdan\",\"@id\":\"https:\\\/\\\/dandan.hu\\\/de\\\/#\\\/schema\\\/person\\\/142c6e91d68239a0f845185742f52d66\"},\"headline\":\"Investitionsimmobilie f\u00fcr gewerbliche und private Zwecke, an einem belebten Verkehrsknotenpunkt in Buda\u00f6rs.\",\"datePublished\":\"2025-09-02T12:18:42+00:00\",\"dateModified\":\"2026-01-03T20:56:26+00:00\",\"mainEntityOfPage\":{\"@id\":\"https:\\\/\\\/dandan.hu\\\/de\\\/privat\\\/investitionsimmobilie-fuer-gewerbliche-und-private-zwecke-an-einem-belebten-verkehrsknotenpunkt-in-budaoers\\\/\"},\"wordCount\":319,\"publisher\":{\"@id\":\"https:\\\/\\\/dandan.hu\\\/de\\\/#organization\"},\"image\":{\"@id\":\"https:\\\/\\\/dandan.hu\\\/de\\\/privat\\\/investitionsimmobilie-fuer-gewerbliche-und-private-zwecke-an-einem-belebten-verkehrsknotenpunkt-in-budaoers\\\/#primaryimage\"},\"thumbnailUrl\":\"https:\\\/\\\/dandan.hu\\\/wp-content\\\/uploads\\\/2025\\\/09\\\/borsipari-02.jpg\",\"keywords\":[\"Buda\u00f6rs Investitionsimmobilie\",\"Entwicklungsgebiet Buda\u00f6rs\",\"Immobilienentwicklung\",\"Investition\",\"Lager- und B\u00fcroentwicklung\",\"vegyes funkci\u00f3j\u00fa ingatlan\",\"Zu verkaufen\"],\"articleSection\":[\"Privat\"],\"inLanguage\":\"de\"},{\"@type\":\"WebPage\",\"@id\":\"https:\\\/\\\/dandan.hu\\\/de\\\/privat\\\/investitionsimmobilie-fuer-gewerbliche-und-private-zwecke-an-einem-belebten-verkehrsknotenpunkt-in-budaoers\\\/\",\"url\":\"https:\\\/\\\/dandan.hu\\\/de\\\/privat\\\/investitionsimmobilie-fuer-gewerbliche-und-private-zwecke-an-einem-belebten-verkehrsknotenpunkt-in-budaoers\\\/\",\"name\":\"Investitionsimmobilie in Buda\u00f6rs \u2013 Grundst\u00fcck und Geb\u00e4ude geeignet f\u00fcr Entwicklung.\",\"isPartOf\":{\"@id\":\"https:\\\/\\\/dandan.hu\\\/de\\\/#website\"},\"primaryImageOfPage\":{\"@id\":\"https:\\\/\\\/dandan.hu\\\/de\\\/privat\\\/investitionsimmobilie-fuer-gewerbliche-und-private-zwecke-an-einem-belebten-verkehrsknotenpunkt-in-budaoers\\\/#primaryimage\"},\"image\":{\"@id\":\"https:\\\/\\\/dandan.hu\\\/de\\\/privat\\\/investitionsimmobilie-fuer-gewerbliche-und-private-zwecke-an-einem-belebten-verkehrsknotenpunkt-in-budaoers\\\/#primaryimage\"},\"thumbnailUrl\":\"https:\\\/\\\/dandan.hu\\\/wp-content\\\/uploads\\\/2025\\\/09\\\/borsipari-02.jpg\",\"datePublished\":\"2025-09-02T12:18:42+00:00\",\"dateModified\":\"2026-01-03T20:56:26+00:00\",\"description\":\"Investitionsimmobilie im Zentrum von Buda\u00f6rs zu verkaufen, 1.289 m\u00b2 Grundst\u00fcck, 625 m\u00b2 bebaute Fl\u00e4che. Hervorragende Entwicklungsm\u00f6glichkeiten f\u00fcr Gewerbe und Wohnen.\",\"breadcrumb\":{\"@id\":\"https:\\\/\\\/dandan.hu\\\/de\\\/privat\\\/investitionsimmobilie-fuer-gewerbliche-und-private-zwecke-an-einem-belebten-verkehrsknotenpunkt-in-budaoers\\\/#breadcrumb\"},\"inLanguage\":\"de\",\"potentialAction\":[{\"@type\":\"ReadAction\",\"target\":[\"https:\\\/\\\/dandan.hu\\\/de\\\/privat\\\/investitionsimmobilie-fuer-gewerbliche-und-private-zwecke-an-einem-belebten-verkehrsknotenpunkt-in-budaoers\\\/\"]}]},{\"@type\":\"ImageObject\",\"inLanguage\":\"de\",\"@id\":\"https:\\\/\\\/dandan.hu\\\/de\\\/privat\\\/investitionsimmobilie-fuer-gewerbliche-und-private-zwecke-an-einem-belebten-verkehrsknotenpunkt-in-budaoers\\\/#primaryimage\",\"url\":\"https:\\\/\\\/dandan.hu\\\/wp-content\\\/uploads\\\/2025\\\/09\\\/borsipari-02.jpg\",\"contentUrl\":\"https:\\\/\\\/dandan.hu\\\/wp-content\\\/uploads\\\/2025\\\/09\\\/borsipari-02.jpg\",\"width\":1800,\"height\":1013,\"caption\":\"default\"},{\"@type\":\"BreadcrumbList\",\"@id\":\"https:\\\/\\\/dandan.hu\\\/de\\\/privat\\\/investitionsimmobilie-fuer-gewerbliche-und-private-zwecke-an-einem-belebten-verkehrsknotenpunkt-in-budaoers\\\/#breadcrumb\",\"itemListElement\":[{\"@type\":\"ListItem\",\"position\":1,\"name\":\"Home\",\"item\":\"https:\\\/\\\/dandan.hu\\\/de\\\/fooldal\\\/\"},{\"@type\":\"ListItem\",\"position\":2,\"name\":\"Investitionsimmobilie f\u00fcr gewerbliche und private Zwecke, an einem belebten Verkehrsknotenpunkt in Buda\u00f6rs.\"}]},{\"@type\":\"WebSite\",\"@id\":\"https:\\\/\\\/dandan.hu\\\/de\\\/#website\",\"url\":\"https:\\\/\\\/dandan.hu\\\/de\\\/\",\"name\":\"Dandan\",\"description\":\"Dandan\",\"publisher\":{\"@id\":\"https:\\\/\\\/dandan.hu\\\/de\\\/#organization\"},\"potentialAction\":[{\"@type\":\"SearchAction\",\"target\":{\"@type\":\"EntryPoint\",\"urlTemplate\":\"https:\\\/\\\/dandan.hu\\\/de\\\/?s={search_term_string}\"},\"query-input\":{\"@type\":\"PropertyValueSpecification\",\"valueRequired\":true,\"valueName\":\"search_term_string\"}}],\"inLanguage\":\"de\"},{\"@type\":\"Organization\",\"@id\":\"https:\\\/\\\/dandan.hu\\\/de\\\/#organization\",\"name\":\"Dandan\",\"url\":\"https:\\\/\\\/dandan.hu\\\/de\\\/\",\"logo\":{\"@type\":\"ImageObject\",\"inLanguage\":\"de\",\"@id\":\"https:\\\/\\\/dandan.hu\\\/de\\\/#\\\/schema\\\/logo\\\/image\\\/\",\"url\":\"https:\\\/\\\/dandan.hu\\\/wp-content\\\/uploads\\\/2023\\\/08\\\/dandan-fav-icon.png\",\"contentUrl\":\"https:\\\/\\\/dandan.hu\\\/wp-content\\\/uploads\\\/2023\\\/08\\\/dandan-fav-icon.png\",\"width\":1103,\"height\":1103,\"caption\":\"Dandan\"},\"image\":{\"@id\":\"https:\\\/\\\/dandan.hu\\\/de\\\/#\\\/schema\\\/logo\\\/image\\\/\"}},{\"@type\":\"Person\",\"@id\":\"https:\\\/\\\/dandan.hu\\\/de\\\/#\\\/schema\\\/person\\\/142c6e91d68239a0f845185742f52d66\",\"name\":\"danmegdan\",\"image\":{\"@type\":\"ImageObject\",\"inLanguage\":\"de\",\"@id\":\"https:\\\/\\\/secure.gravatar.com\\\/avatar\\\/9d1fbefaa33107ac85e36125746c3dd756b8abc3a9078a0076240ff45318913b?s=96&d=mm&r=g\",\"url\":\"https:\\\/\\\/secure.gravatar.com\\\/avatar\\\/9d1fbefaa33107ac85e36125746c3dd756b8abc3a9078a0076240ff45318913b?s=96&d=mm&r=g\",\"contentUrl\":\"https:\\\/\\\/secure.gravatar.com\\\/avatar\\\/9d1fbefaa33107ac85e36125746c3dd756b8abc3a9078a0076240ff45318913b?s=96&d=mm&r=g\",\"caption\":\"danmegdan\"},\"sameAs\":[\"https:\\\/\\\/dandan.hu\"],\"url\":\"https:\\\/\\\/dandan.hu\\\/de\\\/author\\\/danmegdan\\\/\"}]}<\/script>\n<!-- \/ Yoast SEO plugin. -->","yoast_head_json":{"title":"Investitionsimmobilie in Buda\u00f6rs \u2013 Grundst\u00fcck und Geb\u00e4ude geeignet f\u00fcr Entwicklung.","description":"Investitionsimmobilie im Zentrum von Buda\u00f6rs zu verkaufen, 1.289 m\u00b2 Grundst\u00fcck, 625 m\u00b2 bebaute Fl\u00e4che. Hervorragende Entwicklungsm\u00f6glichkeiten f\u00fcr Gewerbe und Wohnen.","robots":{"index":"index","follow":"follow","max-snippet":"max-snippet:-1","max-image-preview":"max-image-preview:large","max-video-preview":"max-video-preview:-1"},"canonical":"https:\/\/dandan.hu\/de\/privat\/investitionsimmobilie-fuer-gewerbliche-und-private-zwecke-an-einem-belebten-verkehrsknotenpunkt-in-budaoers\/","og_locale":"de_DE","og_type":"article","og_title":"In einem belebten Teil von Buda\u00f6rs \u2013 einzigartige Investitionsimmobilie zu verkaufen","og_description":"Au\u00dfergew\u00f6hnliche Gelegenheit in Buda\u00f6rs! Zu verkaufen: Investitionsimmobilie mit gemischter Nutzung an einer vielbefahrenen Hauptstra\u00dfe, in der N\u00e4he von Einkaufszentren. Erwirtschaftet bereits Einnahmen \u2013 Entwicklungspotenzial von fast 2600 m\u00b2!","og_url":"https:\/\/dandan.hu\/de\/privat\/investitionsimmobilie-fuer-gewerbliche-und-private-zwecke-an-einem-belebten-verkehrsknotenpunkt-in-budaoers\/","og_site_name":"Dandan","article_published_time":"2025-09-02T12:18:42+00:00","article_modified_time":"2026-01-03T20:56:26+00:00","og_image":[{"url":"https:\/\/dandan.hu\/wp-content\/uploads\/2025\/09\/borsipari-02-1024x576.jpg","type":"","width":"","height":""}],"author":"danmegdan","twitter_card":"summary_large_image","twitter_misc":{"Verfasst von":"danmegdan","Gesch\u00e4tzte Lesezeit":"1\u00a0Minute"},"schema":{"@context":"https:\/\/schema.org","@graph":[{"@type":"Article","@id":"https:\/\/dandan.hu\/de\/privat\/investitionsimmobilie-fuer-gewerbliche-und-private-zwecke-an-einem-belebten-verkehrsknotenpunkt-in-budaoers\/#article","isPartOf":{"@id":"https:\/\/dandan.hu\/de\/privat\/investitionsimmobilie-fuer-gewerbliche-und-private-zwecke-an-einem-belebten-verkehrsknotenpunkt-in-budaoers\/"},"author":{"name":"danmegdan","@id":"https:\/\/dandan.hu\/de\/#\/schema\/person\/142c6e91d68239a0f845185742f52d66"},"headline":"Investitionsimmobilie f\u00fcr gewerbliche und private Zwecke, an einem belebten Verkehrsknotenpunkt in Buda\u00f6rs.","datePublished":"2025-09-02T12:18:42+00:00","dateModified":"2026-01-03T20:56:26+00:00","mainEntityOfPage":{"@id":"https:\/\/dandan.hu\/de\/privat\/investitionsimmobilie-fuer-gewerbliche-und-private-zwecke-an-einem-belebten-verkehrsknotenpunkt-in-budaoers\/"},"wordCount":319,"publisher":{"@id":"https:\/\/dandan.hu\/de\/#organization"},"image":{"@id":"https:\/\/dandan.hu\/de\/privat\/investitionsimmobilie-fuer-gewerbliche-und-private-zwecke-an-einem-belebten-verkehrsknotenpunkt-in-budaoers\/#primaryimage"},"thumbnailUrl":"https:\/\/dandan.hu\/wp-content\/uploads\/2025\/09\/borsipari-02.jpg","keywords":["Buda\u00f6rs Investitionsimmobilie","Entwicklungsgebiet Buda\u00f6rs","Immobilienentwicklung","Investition","Lager- und B\u00fcroentwicklung","vegyes funkci\u00f3j\u00fa ingatlan","Zu verkaufen"],"articleSection":["Privat"],"inLanguage":"de"},{"@type":"WebPage","@id":"https:\/\/dandan.hu\/de\/privat\/investitionsimmobilie-fuer-gewerbliche-und-private-zwecke-an-einem-belebten-verkehrsknotenpunkt-in-budaoers\/","url":"https:\/\/dandan.hu\/de\/privat\/investitionsimmobilie-fuer-gewerbliche-und-private-zwecke-an-einem-belebten-verkehrsknotenpunkt-in-budaoers\/","name":"Investitionsimmobilie in Buda\u00f6rs \u2013 Grundst\u00fcck und Geb\u00e4ude geeignet f\u00fcr Entwicklung.","isPartOf":{"@id":"https:\/\/dandan.hu\/de\/#website"},"primaryImageOfPage":{"@id":"https:\/\/dandan.hu\/de\/privat\/investitionsimmobilie-fuer-gewerbliche-und-private-zwecke-an-einem-belebten-verkehrsknotenpunkt-in-budaoers\/#primaryimage"},"image":{"@id":"https:\/\/dandan.hu\/de\/privat\/investitionsimmobilie-fuer-gewerbliche-und-private-zwecke-an-einem-belebten-verkehrsknotenpunkt-in-budaoers\/#primaryimage"},"thumbnailUrl":"https:\/\/dandan.hu\/wp-content\/uploads\/2025\/09\/borsipari-02.jpg","datePublished":"2025-09-02T12:18:42+00:00","dateModified":"2026-01-03T20:56:26+00:00","description":"Investitionsimmobilie im Zentrum von Buda\u00f6rs zu verkaufen, 1.289 m\u00b2 Grundst\u00fcck, 625 m\u00b2 bebaute Fl\u00e4che. Hervorragende Entwicklungsm\u00f6glichkeiten f\u00fcr Gewerbe und Wohnen.","breadcrumb":{"@id":"https:\/\/dandan.hu\/de\/privat\/investitionsimmobilie-fuer-gewerbliche-und-private-zwecke-an-einem-belebten-verkehrsknotenpunkt-in-budaoers\/#breadcrumb"},"inLanguage":"de","potentialAction":[{"@type":"ReadAction","target":["https:\/\/dandan.hu\/de\/privat\/investitionsimmobilie-fuer-gewerbliche-und-private-zwecke-an-einem-belebten-verkehrsknotenpunkt-in-budaoers\/"]}]},{"@type":"ImageObject","inLanguage":"de","@id":"https:\/\/dandan.hu\/de\/privat\/investitionsimmobilie-fuer-gewerbliche-und-private-zwecke-an-einem-belebten-verkehrsknotenpunkt-in-budaoers\/#primaryimage","url":"https:\/\/dandan.hu\/wp-content\/uploads\/2025\/09\/borsipari-02.jpg","contentUrl":"https:\/\/dandan.hu\/wp-content\/uploads\/2025\/09\/borsipari-02.jpg","width":1800,"height":1013,"caption":"default"},{"@type":"BreadcrumbList","@id":"https:\/\/dandan.hu\/de\/privat\/investitionsimmobilie-fuer-gewerbliche-und-private-zwecke-an-einem-belebten-verkehrsknotenpunkt-in-budaoers\/#breadcrumb","itemListElement":[{"@type":"ListItem","position":1,"name":"Home","item":"https:\/\/dandan.hu\/de\/fooldal\/"},{"@type":"ListItem","position":2,"name":"Investitionsimmobilie f\u00fcr gewerbliche und private Zwecke, an einem belebten Verkehrsknotenpunkt in Buda\u00f6rs."}]},{"@type":"WebSite","@id":"https:\/\/dandan.hu\/de\/#website","url":"https:\/\/dandan.hu\/de\/","name":"Dandan","description":"Dandan","publisher":{"@id":"https:\/\/dandan.hu\/de\/#organization"},"potentialAction":[{"@type":"SearchAction","target":{"@type":"EntryPoint","urlTemplate":"https:\/\/dandan.hu\/de\/?s={search_term_string}"},"query-input":{"@type":"PropertyValueSpecification","valueRequired":true,"valueName":"search_term_string"}}],"inLanguage":"de"},{"@type":"Organization","@id":"https:\/\/dandan.hu\/de\/#organization","name":"Dandan","url":"https:\/\/dandan.hu\/de\/","logo":{"@type":"ImageObject","inLanguage":"de","@id":"https:\/\/dandan.hu\/de\/#\/schema\/logo\/image\/","url":"https:\/\/dandan.hu\/wp-content\/uploads\/2023\/08\/dandan-fav-icon.png","contentUrl":"https:\/\/dandan.hu\/wp-content\/uploads\/2023\/08\/dandan-fav-icon.png","width":1103,"height":1103,"caption":"Dandan"},"image":{"@id":"https:\/\/dandan.hu\/de\/#\/schema\/logo\/image\/"}},{"@type":"Person","@id":"https:\/\/dandan.hu\/de\/#\/schema\/person\/142c6e91d68239a0f845185742f52d66","name":"danmegdan","image":{"@type":"ImageObject","inLanguage":"de","@id":"https:\/\/secure.gravatar.com\/avatar\/9d1fbefaa33107ac85e36125746c3dd756b8abc3a9078a0076240ff45318913b?s=96&d=mm&r=g","url":"https:\/\/secure.gravatar.com\/avatar\/9d1fbefaa33107ac85e36125746c3dd756b8abc3a9078a0076240ff45318913b?s=96&d=mm&r=g","contentUrl":"https:\/\/secure.gravatar.com\/avatar\/9d1fbefaa33107ac85e36125746c3dd756b8abc3a9078a0076240ff45318913b?s=96&d=mm&r=g","caption":"danmegdan"},"sameAs":["https:\/\/dandan.hu"],"url":"https:\/\/dandan.hu\/de\/author\/danmegdan\/"}]}},"_links":{"self":[{"href":"https:\/\/dandan.hu\/de\/wp-json\/wp\/v2\/posts\/5918","targetHints":{"allow":["GET"]}}],"collection":[{"href":"https:\/\/dandan.hu\/de\/wp-json\/wp\/v2\/posts"}],"about":[{"href":"https:\/\/dandan.hu\/de\/wp-json\/wp\/v2\/types\/post"}],"author":[{"embeddable":true,"href":"https:\/\/dandan.hu\/de\/wp-json\/wp\/v2\/users\/1"}],"replies":[{"embeddable":true,"href":"https:\/\/dandan.hu\/de\/wp-json\/wp\/v2\/comments?post=5918"}],"version-history":[{"count":1,"href":"https:\/\/dandan.hu\/de\/wp-json\/wp\/v2\/posts\/5918\/revisions"}],"predecessor-version":[{"id":5919,"href":"https:\/\/dandan.hu\/de\/wp-json\/wp\/v2\/posts\/5918\/revisions\/5919"}],"wp:featuredmedia":[{"embeddable":true,"href":"https:\/\/dandan.hu\/de\/wp-json\/wp\/v2\/media\/5915"}],"wp:attachment":[{"href":"https:\/\/dandan.hu\/de\/wp-json\/wp\/v2\/media?parent=5918"}],"wp:term":[{"taxonomy":"category","embeddable":true,"href":"https:\/\/dandan.hu\/de\/wp-json\/wp\/v2\/categories?post=5918"},{"taxonomy":"post_tag","embeddable":true,"href":"https:\/\/dandan.hu\/de\/wp-json\/wp\/v2\/tags?post=5918"}],"curies":[{"name":"wp","href":"https:\/\/api.w.org\/{rel}","templated":true}]}}